{"id":3282,"date":"2026-03-16T07:56:45","date_gmt":"2026-03-16T07:56:45","guid":{"rendered":"https:\/\/www.encontrasaoluisma.com.br\/sobre\/greve-parcial-de-onibus-afeta-a-rotina-e-usuarios-enfrentam-dificuldades-para-circular-em-sao-luis\/"},"modified":"2026-03-16T07:56:45","modified_gmt":"2026-03-16T07:56:45","slug":"greve-parcial-de-onibus-afeta-a-rotina-e-usuarios-enfrentam-dificuldades-para-circular-em-sao-luis","status":"publish","type":"post","link":"https:\/\/www.encontrasaoluisma.com.br\/sobre\/greve-parcial-de-onibus-afeta-a-rotina-e-usuarios-enfrentam-dificuldades-para-circular-em-sao-luis\/","title":{"rendered":"Greve parcial de \u00f4nibus afeta a rotina e usu\u00e1rios enfrentam dificuldades para circular em S\u00e3o Lu\u00eds"},"content":{"rendered":"<div class=\"b2725ec362a26ac90450d31a667f90fe\" data-index=\"1\" style=\"float: none; margin:0px;\">\n<!-- Anuncio display - global -->\r\n<ins class=\"adsbygoogle\"\r\n     style=\"display:block\"\r\n     data-ad-client=\"ca-pub-8585364105181520\"\r\n     data-ad-slot=\"8789329856\"\r\n     data-ad-format=\"auto\"\r\n     data-full-width-responsive=\"true\"><\/ins>\r\n<script>\r\n     (adsbygoogle = window.adsbygoogle || []).push({});\r\n<\/script>\n<\/div>\n<h2>Motivos da Greve de \u00d4nibus<\/h2>\n<p>A recente greve parcial no sistema de transporte p\u00fablico de S\u00e3o Lu\u00eds, iniciada na sexta-feira (13), tem suas ra\u00edzes em insatisfa\u00e7\u00f5es relacionadas ao atraso no pagamento do reajuste salarial dos rodovi\u00e1rios. Essa situa\u00e7\u00e3o se torna um ponto cr\u00edtico, pois os trabalhadores do setor de transportes, organizados pelo Sindicato dos Trabalhadores em Transportes Rodovi\u00e1rios do Maranh\u00e3o (Sttrema), demonstram sua frustra\u00e7\u00e3o com essa inefici\u00eancia nas negocia\u00e7\u00f5es salariais.<\/p>\n<p>Al\u00e9m do defasado controle sobre as condi\u00e7\u00f5es de trabalho, a situa\u00e7\u00e3o se agrava quando os rodovi\u00e1rios relatam que os direitos estabelecidos judicialmente n\u00e3o est\u00e3o sendo respeitados pelas empresas de \u00f4nibus. Com o aparente descaso, os trabalhadores se sentem compelidos a interromper suas atividades para exigir uma resposta efetiva.<\/p>\n<h2>Impacto na rotina dos passageiros<\/h2>\n<p>Com a paralisa\u00e7\u00e3o em vigor, milhares de usu\u00e1rios do transporte p\u00fablico enfrentam dificuldades significativas para se deslocar pela cidade. As ruas de S\u00e3o Lu\u00eds, normalmente movimentadas por \u00f4nibus, se veem desertas, resultando em uma verdadeira crise de mobilidade urbana.<\/p>\n<p><img decoding=\"async\" src=\"https:\/\/www.encontrasaoluisma.com.br\/sobre\/wp-content\/uploads\/2026\/03\/greve-parcial-de-onibus-afeta-a-rotina-e-usuarios-enfrentam-dificuldades-para-circular-em-sao-luis.webp\" alt=\"greve parcial de \u00f4nibus\" loading=\"lazy\" \/><\/p>\n<p>Os passageiros, incluindo trabalhadores e estudantes, t\u00eam buscado alternativas para continuar suas rotinas. Sem \u00f4nibus dispon\u00edveis, muitos optam por plataformas de transporte por aplicativo, que, devido \u00e0 alta na demanda, est\u00e3o cobrando tarifas exorbitantes. Isso causa um impacto econ\u00f4mico direto nas finan\u00e7as dos usu\u00e1rios que n\u00e3o podem arcar com esse custo adicional.<\/p>\n<h2>A posi\u00e7\u00e3o da Prefeitura de S\u00e3o Lu\u00eds<\/h2>\n<p>A Prefeitura de S\u00e3o Lu\u00eds, atrav\u00e9s da Secretaria Municipal de Tr\u00e2nsito e Transportes (SMTT), defende que todos os repasses financeiros \u00e0s empresas de transporte est\u00e3o sendo realizados de forma regular e sem atrasos. Entretanto, as empresas parecem falhar em assegurar os direitos trabalhistas necess\u00e1rios, conforme as normativas estabelecidas.<\/p>\n<p>Por conta das dificuldades enfrentadas pela popula\u00e7\u00e3o, a administra\u00e7\u00e3o p\u00fablica implementou vouchers por meio de um aplicativo de transporte, uma tentativa de minimizar os impactos que a greve est\u00e1 causando no cotidiano da cidade. Essa a\u00e7\u00e3o busca garantir que os passageiros consigam mobilizar-se, ao menos de forma tempor\u00e1ria.<\/p>\n<h2>Alternativas de transporte em meio \u00e0 greve<\/h2>\n<p>Diante da falta de \u00f4nibus, os usu\u00e1rios do transporte p\u00fablico de S\u00e3o Lu\u00eds se veem obrigados a aventurar-se em diversas alternativas para conseguir se locomover. As op\u00e7\u00f5es mais comuns incluem:<\/p>\n<ul>\n<li><strong>Aplicativos de Transporte:<\/strong> Muitas pessoas t\u00eam recorrendo a servi\u00e7os como Uber e 99, que, por\u00e9m, est\u00e3o aumentando os pre\u00e7os devido \u00e0 alta demanda.<\/li>\n<li><strong>Transporte Semiurbano:<\/strong> O sistema semiurbano ainda permanece operando, mas com restri\u00e7\u00f5es, pois n\u00e3o acessa os Terminais de Integra\u00e7\u00e3o, servi\u00e7os que ampliam a efici\u00eancia da locomo\u00e7\u00e3o na cidade.<\/li>\n<li><strong>Bicicletas e Caminhadas:<\/strong> Para quem pode optar, h\u00e1 um aumento na circula\u00e7\u00e3o de bicicletas e uma demanda maior por caminhadas.<\/li>\n<\/ul>\n<p>A soma dessas alternativas, embora sejam caminhos vi\u00e1veis, n\u00e3o t\u00eam a capacidade de resolver a situa\u00e7\u00e3o de forma integral, visto que muitos usu\u00e1rios necessitam com urg\u00eancia de um transporte regular e seguro.<\/p>\n<h2>Rea\u00e7\u00f5es dos usu\u00e1rios do transporte p\u00fablico<\/h2>\n<p>A insatisfa\u00e7\u00e3o dos passageiros \u00e9 palp\u00e1vel. Muitos expressam revolta e descontentamento com a aus\u00eancia de solu\u00e7\u00f5es r\u00e1pidas e eficazes. As opini\u00f5es nas redes sociais e em grupos de discuss\u00e3o refletem um sentimento coletivo de frustra\u00e7\u00e3o.<\/p>\n<p>&#8220;\u00c9 sempre o mesmo ciclo, a cada greve, quem sofre somos n\u00f3s&#8221;, afirma um comerci\u00e1rio, reclamando da instabilidade no sistema que prejudica sua rotina de trabalho. Outro usu\u00e1rio comentou sobre a dificuldade de planejar compromissos, destacando que as paralisa\u00e7\u00f5es constantes se tornam um desafio quase insuper\u00e1vel para aqueles que dependem do transporte p\u00fablico para se locomover.<\/p>\n<h2>Protestos e mobiliza\u00e7\u00f5es dos rodovi\u00e1rios<\/h2>\n<p>Os rodovi\u00e1rios, preocupados com suas condi\u00e7\u00f5es de trabalho e com a falta de reconhecimento, t\u00eam se mobilizado em protestos que ganham visibilidade. Esses movimentos registram apoio de diversas categorias de trabalhadores que entendem a import\u00e2ncia da luta por direitos justos.<\/p>\n<p>Os organizadores da greve afirmam que n\u00e3o \u00e9 apenas uma quest\u00e3o de aumento salarial, mas uma luta por dignidade no tratamento dos trabalhadores e pela normaliza\u00e7\u00e3o das atividades com condi\u00e7\u00f5es adequadas e respeitosas ao que foi estipulado por lei.<\/p>\n<h2>Comparativo com greves anteriores<\/h2>\n<p>A situa\u00e7\u00e3o atual de S\u00e3o Lu\u00eds n\u00e3o \u00e9 um evento isolado. Nos \u00faltimos anos, o munic\u00edpio j\u00e1 experimentou pelo menos uma dezena de paralisa\u00e7\u00f5es no transporte p\u00fablico, predominantemente guiadas por quest\u00f5es salariais e desaven\u00e7as nas rela\u00e7\u00f5es de trabalho entre empresas e rodovi\u00e1rios. O que assusta os usu\u00e1rios \u00e9 o ciclo que se repete, onde mesmo ap\u00f3s acordos, os problemas parecem ressurgir rapidamente.<\/p>\n<p>Um dos exemplos mais marcantes foi a greve que se prolongou por 43 dias, em 2022, fazendo com que a popula\u00e7\u00e3o se sentisse ref\u00e9m da falta de solu\u00e7\u00f5es permanentes para esta quest\u00e3o. Essa continuidade dos problemas reflete n\u00e3o somente na experi\u00eancia di\u00e1ria dos usu\u00e1rios, mas tamb\u00e9m na economia da cidade, que v\u00ea suas atividades comerciais e educativas comprometidas.<\/p>\n<h2>Esfor\u00e7os da Prefeitura para minimizar danos<\/h2>\n<p>A Prefeitura, atrav\u00e9s da SMTT, tem tentado minimizar os danos ao garantir que todos os processos de repasse estejam sendo feitos adequadamente. A iniciativa de criar vouchers para usu\u00e1rios cadastrados no aplicativo de transporte representa uma tentativa de aliviar o transtorno gerado pela falta de \u00f4nibus.<\/p>\n<p>Al\u00e9m disso, medidas judiciais t\u00eam sido acionadas pela Prefeitura com a expectativa de declarar a greve como abusiva e assegurar a continuidade do transporte, embora tais a\u00e7\u00f5es nem sempre sejam bem-sucedidas. Nesse contexto, as promessas de solu\u00e7\u00f5es aparentam ser uma balan\u00e7a entre o que \u00e9 esperado pela popula\u00e7\u00e3o e o que realmente \u00e9 executado.<\/p>\n<h2>O papel das empresas de transporte<\/h2>\n<p>As empresas que operam o sistema de transporte p\u00fablico em S\u00e3o Lu\u00eds t\u00eam um papel crucial em toda essa situa\u00e7\u00e3o. Ao n\u00e3o cumprirem com as regulamenta\u00e7\u00f5es trabalhistas e os acordos salariais, elas colocam em risco n\u00e3o apenas a dignidade de seus empregados, mas tamb\u00e9m a estabilidade e funcionalidade do sistema de transporte coletivo na cidade.<\/p>\n<p>O Sindicato das Empresas de Transporte de Passageiros de S\u00e3o Lu\u00eds (SET) tamb\u00e9m se v\u00ea no centro da pol\u00eamica. A argumenta\u00e7\u00e3o frequente \u00e9 de que as condi\u00e7\u00f5es de opera\u00e7\u00e3o s\u00e3o complicadas devido \u00e0 falta de acordos justos e o aumento nas despesas operacionais, incluindo a alta nos pre\u00e7os de combust\u00edveis, o que afeta diretamente suas margens de lucro.<\/p>\n<h2>Expectativas para a resolu\u00e7\u00e3o da situa\u00e7\u00e3o<\/h2>\n<p>Desafios est\u00e3o longe de um desfecho definitivo. A expectativa \u00e9 que as negocia\u00e7\u00f5es sejam retomadas e que se encontre uma solu\u00e7\u00e3o que beneficie tanto os trabalhadores rodovi\u00e1rios quanto os usu\u00e1rios do transporte p\u00fablico.<\/p>\n<p>Todos esperam que as li\u00e7\u00f5es aprendidas com esta crise se transformem em a\u00e7\u00f5es concretas e melhorias para o futuro do sistema de transporte em S\u00e3o Lu\u00eds. Contudo, enquanto isso n\u00e3o acontece, a popula\u00e7\u00e3o continua a sofrer com as consequ\u00eancias de um servi\u00e7o essencial que est\u00e1 longe de ser eficiente e confi\u00e1vel.<\/p>\n\n<div style=\"font-size: 0px; height: 0px; line-height: 0px; margin: 0; padding: 0; clear: both;\"><\/div>","protected":false},"excerpt":{"rendered":"<p>Greve parcial de \u00f4nibus em S\u00e3o Lu\u00eds afeta a rotina e gera dificuldades para usu\u00e1rios.<\/p>\n","protected":false},"author":1,"featured_media":3281,"comment_status":"closed","ping_status":"closed","sticky":false,"template":"","format":"standard","meta":{"footnotes":""},"categories":[1],"tags":[],"class_list":["post-3282","post","type-post","status-publish","format-standard","has-post-thumbnail","hentry","category-concursos-em-sao-luis","has_thumb"],"_links":{"self":[{"href":"https:\/\/www.encontrasaoluisma.com.br\/sobre\/wp-json\/wp\/v2\/posts\/3282","targetHints":{"allow":["GET"]}}],"collection":[{"href":"https:\/\/www.encontrasaoluisma.com.br\/sobre\/wp-json\/wp\/v2\/posts"}],"about":[{"href":"https:\/\/www.encontrasaoluisma.com.br\/sobre\/wp-json\/wp\/v2\/types\/post"}],"author":[{"embeddable":true,"href":"https:\/\/www.encontrasaoluisma.com.br\/sobre\/wp-json\/wp\/v2\/users\/1"}],"replies":[{"embeddable":true,"href":"https:\/\/www.encontrasaoluisma.com.br\/sobre\/wp-json\/wp\/v2\/comments?post=3282"}],"version-history":[{"count":0,"href":"https:\/\/www.encontrasaoluisma.com.br\/sobre\/wp-json\/wp\/v2\/posts\/3282\/revisions"}],"wp:featuredmedia":[{"embeddable":true,"href":"https:\/\/www.encontrasaoluisma.com.br\/sobre\/wp-json\/wp\/v2\/media\/3281"}],"wp:attachment":[{"href":"https:\/\/www.encontrasaoluisma.com.br\/sobre\/wp-json\/wp\/v2\/media?parent=3282"}],"wp:term":[{"taxonomy":"category","embeddable":true,"href":"https:\/\/www.encontrasaoluisma.com.br\/sobre\/wp-json\/wp\/v2\/categories?post=3282"},{"taxonomy":"post_tag","embeddable":true,"href":"https:\/\/www.encontrasaoluisma.com.br\/sobre\/wp-json\/wp\/v2\/tags?post=3282"}],"curies":[{"name":"wp","href":"https:\/\/api.w.org\/{rel}","templated":true}]}}