{"id":3284,"date":"2026-03-16T07:57:42","date_gmt":"2026-03-16T07:57:42","guid":{"rendered":"https:\/\/www.encontrasaoluisma.com.br\/sobre\/conexao-cnm-sera-realizado-em-sao-luis-com-foco-na-capacitacao-e-no-fortalecimento-da-gestao-municipal\/"},"modified":"2026-03-16T07:57:42","modified_gmt":"2026-03-16T07:57:42","slug":"conexao-cnm-sera-realizado-em-sao-luis-com-foco-na-capacitacao-e-no-fortalecimento-da-gestao-municipal","status":"publish","type":"post","link":"https:\/\/www.encontrasaoluisma.com.br\/sobre\/conexao-cnm-sera-realizado-em-sao-luis-com-foco-na-capacitacao-e-no-fortalecimento-da-gestao-municipal\/","title":{"rendered":"Conex\u00e3o CNM ser\u00e1 realizado em S\u00e3o Lu\u00eds com foco na capacita\u00e7\u00e3o e no fortalecimento da gest\u00e3o municipal"},"content":{"rendered":"<div class=\"b2725ec362a26ac90450d31a667f90fe\" data-index=\"1\" style=\"float: none; margin:0px;\">\n<!-- Anuncio display - global -->\r\n<ins class=\"adsbygoogle\"\r\n     style=\"display:block\"\r\n     data-ad-client=\"ca-pub-8585364105181520\"\r\n     data-ad-slot=\"8789329856\"\r\n     data-ad-format=\"auto\"\r\n     data-full-width-responsive=\"true\"><\/ins>\r\n<script>\r\n     (adsbygoogle = window.adsbygoogle || []).push({});\r\n<\/script>\n<\/div>\n<h2>O que \u00e9 o Conex\u00e3o CNM?<\/h2>\n<p>O Conex\u00e3o CNM \u00e9 um evento promovido pela Confedera\u00e7\u00e3o Nacional de Munic\u00edpios (CNM) que busca aprimorar a gest\u00e3o p\u00fablica atrav\u00e9s de capacita\u00e7\u00f5es t\u00e9cnicas. Seu principal objetivo \u00e9 fortalecer a administra\u00e7\u00e3o municipal, oferecendo aos gestores e servidores p\u00fablicos conhecimentos e ferramentas valiosas para a condu\u00e7\u00e3o eficiente de suas atividades.<\/p>\n<h2>Data e Local do Evento<\/h2>\n<p>A edi\u00e7\u00e3o do Conex\u00e3o CNM em S\u00e3o Lu\u00eds, Maranh\u00e3o, ocorrer\u00e1 nos dias <strong>2 e 3 de mar\u00e7o de 2026<\/strong>. O credenciamento dar\u00e1 in\u00edcio \u00e0s <strong>7h45<\/strong> do dia <strong>02\/03<\/strong>, com as atividades programadas para come\u00e7ar \u00e0s <strong>8h20<\/strong> e se estender at\u00e9 \u00e0s <strong>18h<\/strong> nesse mesmo dia. No <strong>03\/03<\/strong>, as atividades t\u00eam in\u00edcio \u00e0s <strong>8h30<\/strong> e se encerram \u00e0s <strong>12h<\/strong>.<\/p>\n<h2>Participa\u00e7\u00e3o Gratuita para Gestores<\/h2>\n<p>Os gestores p\u00fablicos que atuam em munic\u00edpios filiados \u00e0 CNM poder\u00e3o participar do evento de forma gratuita, desde que estejam em situa\u00e7\u00e3o regular com suas obriga\u00e7\u00f5es municipais e com o movimento municipalista. Essa \u00e9 uma oportunidade valiosa para que prefeitos, vice-prefeitos, vereadores e demais agentes p\u00fablicos ampliem sua forma\u00e7\u00e3o e troca de experi\u00eancias.<\/p>\n<p><img decoding=\"async\" src=\"https:\/\/www.encontrasaoluisma.com.br\/sobre\/wp-content\/uploads\/2026\/03\/conexao-cnm-sera-realizado-em-sao-luis-com-foco-na-capacitacao-e-no-fortalecimento-da-gestao-municip.webp\" alt=\"Conex\u00e3o CNM\" loading=\"lazy\" \/><\/p>\n<h2>Abertura com Autoridades Importantes<\/h2>\n<p>A abertura do evento contar\u00e1 com a presen\u00e7a de figuras destacadas, como o Presidente da CNM, <strong>Paulo Ziulkoski<\/strong>, e o Presidente da FAMEM, <strong>Roberto Costa<\/strong>. Suas participa\u00e7\u00f5es prometem trazer uma vis\u00e3o sobre a import\u00e2ncia do fortalecimento da gest\u00e3o municipal e a uni\u00e3o em torno do desenvolvimento dos munic\u00edpios.<\/p>\n<h2>Programa\u00e7\u00e3o Detalhada do Evento<\/h2>\n<p>A programa\u00e7\u00e3o do Conex\u00e3o CNM ser\u00e1 composta por diversas atividades e pain\u00e9is de discuss\u00e3o que abordar\u00e3o 11 \u00e1reas t\u00e9cnicas estrat\u00e9gicas, incluindo:<\/p>\n<ul>\n<li>Assist\u00eancia Social<\/li>\n<li>Sa\u00fade<\/li>\n<li>Educa\u00e7\u00e3o<\/li>\n<li>Finan\u00e7as<\/li>\n<li>Jur\u00eddico<\/li>\n<li>Previd\u00eancia<\/li>\n<li>Contabilidade<\/li>\n<li>Cultura<\/li>\n<li>Saneamento<\/li>\n<li>Capta\u00e7\u00e3o de Recursos<\/li>\n<li>Emendas Parlamentares<\/li>\n<\/ul>\n<p>Os participantes ter\u00e3o a oportunidade de escolher uma \u00e1rea tem\u00e1tica para se concentrar durante os dois dias de atividades, garantindo que possam aprofundar seus conhecimentos nas quest\u00f5es que mais impactam suas atua\u00e7\u00f5es.<\/p>\n<h2>\u00c1reas T\u00e9cnicas Envolvidas<\/h2>\n<p>Al\u00e9m das \u00e1reas j\u00e1 mencionadas, o evento visa promover um debate qualificado sobre temas relevantes para a gest\u00e3o municipal. Ser\u00e3o oferecidos espa\u00e7os de di\u00e1logo, workshops e arenas t\u00e9cnicas, permitindo que os participantes troquem experi\u00eancias e aprendam uns com os outros.<\/p>\n<h2>Certifica\u00e7\u00e3o e Mentoria Online<\/h2>\n<p>Os participantes que alcan\u00e7arem um m\u00ednimo de <strong>80% de frequ\u00eancia<\/strong> nas atividades do evento receber\u00e3o um certificado de participa\u00e7\u00e3o. Al\u00e9m disso, ter\u00e3o acesso a uma mentoria online nas \u00e1reas discutidas, que ser\u00e1 disponibilizada at\u00e9 90 dias ap\u00f3s a realiza\u00e7\u00e3o do evento. Isso representa uma excelente oportunidade para que os gestores continuem seu aprendizado e tirem d\u00favidas com especialistas na \u00e1rea.<\/p>\n<h2>Como se Inscrever no Evento<\/h2>\n<p>Os interessados em participar do Conex\u00e3o CNM devem efetuar sua inscri\u00e7\u00e3o atrav\u00e9s do site oficial do evento. A programa\u00e7\u00e3o completa e as orienta\u00e7\u00f5es para o registro est\u00e3o dispon\u00edveis no link a seguir: <strong><a href=\"https:\/\/conexaocnm.org.br\/evento\/conexao-cnm-edicao-ma-sao-luis\">Conex\u00e3o CNM &#8211; Edi\u00e7\u00e3o MA S\u00e3o Lu\u00eds<\/a><\/strong>.<\/p>\n<h2>Import\u00e2ncia da Capacita\u00e7\u00e3o Municipal<\/h2>\n<p>A capacita\u00e7\u00e3o de gestores municipais \u00e9 essencial para a divulga\u00e7\u00e3o de boas pr\u00e1ticas administrativas e para o fortalecimento das pol\u00edticas p\u00fablicas. O Conex\u00e3o CNM se destaca como um espa\u00e7o privilegiado para essa troca de conhecimentos, trazendo informa\u00e7\u00f5es atualizadas e pertinentes aos desafios enfrentados nos munic\u00edpios.<\/p>\n<h2>Contatos e Informa\u00e7\u00f5es Adicionais<\/h2>\n<p>Para mais informa\u00e7\u00f5es sobre o evento, a imprensa poder\u00e1 realizar o credenciamento diretamente no local, n\u00e3o sendo necess\u00e1ria uma inscri\u00e7\u00e3o pr\u00e9via. Para d\u00favidas ou informa\u00e7\u00f5es adicionais, os interessados podem entrar em contato com a FAMEM. \u00c9 atrav\u00e9s desse canal que ser\u00e3o dirimidas incertezas sobre o evento, garantindo a melhor participa\u00e7\u00e3o poss\u00edvel.<\/p>\n\n<div style=\"font-size: 0px; height: 0px; line-height: 0px; margin: 0; padding: 0; clear: both;\"><\/div>","protected":false},"excerpt":{"rendered":"<p>Conex\u00e3o CNM promove capacita\u00e7\u00e3o para administra\u00e7\u00e3o municipal em S\u00e3o Lu\u00eds.<\/p>\n","protected":false},"author":1,"featured_media":3283,"comment_status":"closed","ping_status":"closed","sticky":false,"template":"","format":"standard","meta":{"footnotes":""},"categories":[1],"tags":[],"class_list":["post-3284","post","type-post","status-publish","format-standard","has-post-thumbnail","hentry","category-concursos-em-sao-luis","has_thumb"],"_links":{"self":[{"href":"https:\/\/www.encontrasaoluisma.com.br\/sobre\/wp-json\/wp\/v2\/posts\/3284","targetHints":{"allow":["GET"]}}],"collection":[{"href":"https:\/\/www.encontrasaoluisma.com.br\/sobre\/wp-json\/wp\/v2\/posts"}],"about":[{"href":"https:\/\/www.encontrasaoluisma.com.br\/sobre\/wp-json\/wp\/v2\/types\/post"}],"author":[{"embeddable":true,"href":"https:\/\/www.encontrasaoluisma.com.br\/sobre\/wp-json\/wp\/v2\/users\/1"}],"replies":[{"embeddable":true,"href":"https:\/\/www.encontrasaoluisma.com.br\/sobre\/wp-json\/wp\/v2\/comments?post=3284"}],"version-history":[{"count":0,"href":"https:\/\/www.encontrasaoluisma.com.br\/sobre\/wp-json\/wp\/v2\/posts\/3284\/revisions"}],"wp:featuredmedia":[{"embeddable":true,"href":"https:\/\/www.encontrasaoluisma.com.br\/sobre\/wp-json\/wp\/v2\/media\/3283"}],"wp:attachment":[{"href":"https:\/\/www.encontrasaoluisma.com.br\/sobre\/wp-json\/wp\/v2\/media?parent=3284"}],"wp:term":[{"taxonomy":"category","embeddable":true,"href":"https:\/\/www.encontrasaoluisma.com.br\/sobre\/wp-json\/wp\/v2\/categories?post=3284"},{"taxonomy":"post_tag","embeddable":true,"href":"https:\/\/www.encontrasaoluisma.com.br\/sobre\/wp-json\/wp\/v2\/tags?post=3284"}],"curies":[{"name":"wp","href":"https:\/\/api.w.org\/{rel}","templated":true}]}}