{"id":3285,"date":"2026-03-17T07:54:47","date_gmt":"2026-03-17T07:54:47","guid":{"rendered":"https:\/\/www.encontrasaoluisma.com.br\/sobre\/greve-parcial-chega-ao-4o-dia-e-onibus-urbanos-continuam-parados-em-sao-luis\/"},"modified":"2026-03-17T07:54:47","modified_gmt":"2026-03-17T07:54:47","slug":"greve-parcial-chega-ao-4o-dia-e-onibus-urbanos-continuam-parados-em-sao-luis","status":"publish","type":"post","link":"https:\/\/www.encontrasaoluisma.com.br\/sobre\/greve-parcial-chega-ao-4o-dia-e-onibus-urbanos-continuam-parados-em-sao-luis\/","title":{"rendered":"Greve parcial chega ao 4\u00ba dia e \u00f4nibus urbanos continuam parados em S\u00e3o Lu\u00eds"},"content":{"rendered":"<div class=\"b2725ec362a26ac90450d31a667f90fe\" data-index=\"1\" style=\"float: none; margin:0px;\">\n<!-- Anuncio display - global -->\r\n<ins class=\"adsbygoogle\"\r\n     style=\"display:block\"\r\n     data-ad-client=\"ca-pub-8585364105181520\"\r\n     data-ad-slot=\"8789329856\"\r\n     data-ad-format=\"auto\"\r\n     data-full-width-responsive=\"true\"><\/ins>\r\n<script>\r\n     (adsbygoogle = window.adsbygoogle || []).push({});\r\n<\/script>\n<\/div>\n<h2>Motivos da Greve dos Rodovi\u00e1rios<\/h2>\n<p>A greve dos rodovi\u00e1rios em S\u00e3o Lu\u00eds, que se estende por quatro dias, foi motivada pelo n\u00e3o cumprimento de um reajuste salarial de 5,5%, que havia sido estabelecido pelo Tribunal Regional do Trabalho (TRT) em janeiro de 2026. O Sindicato dos Rodovi\u00e1rios do Maranh\u00e3o (Sttrema) afirma que a paralisa\u00e7\u00e3o \u00e9 uma rea\u00e7\u00e3o \u00e0 falta de pagamento desse reajuste por parte das empresas de \u00f4nibus, impulsionando a decis\u00e3o dos motoristas e cobradores de interromperem suas atividades.<\/p>\n<p>Vale ressaltar que essa greve n\u00e3o \u00e9 um evento isolado. Em menos de tr\u00eas meses, essa \u00e9 a segunda paralisa\u00e7\u00e3o no sistema de transporte p\u00fablico da cidade. A categoria re\u00fane de 4.500 a 5.000 trabalhadores, afetando diretamente a mobilidade de milhares de passageiros na capital maranhense.<\/p>\n<h2>Impactos da Paralisa\u00e7\u00e3o no Cotidiano<\/h2>\n<p>Com os \u00f4nibus urbanos parados, a vida dos passageiros ficou complicada. Muitas pessoas que dependem do transporte coletivo para ir ao trabalho, escola ou outras atividades di\u00e1rias enfrentaram atrasos significativos e longas esperas. A situa\u00e7\u00e3o gerou um aumento na procura por alternativas de transporte, resultando em mais gastos para os usu\u00e1rios.<\/p>\n<p>Apenas os \u00f4nibus do sistema semiurbano, que atendem \u00e1reas de Pa\u00e7o do Lumiar, Raposa e S\u00e3o Jos\u00e9 de Ribamar, continuam em opera\u00e7\u00e3o, mas sem entrar nos terminais de integra\u00e7\u00e3o da cidade. Portanto, a interdepend\u00eancia entre os servi\u00e7os urbanos e semiurbanos tamb\u00e9m se tornou um ponto de confus\u00e3o para os passageiros.<\/p>\n<h2>Alternativas de Transporte para os Passageiros<\/h2>\n<p>Com a greve em andamento, os passageiros se viram obrigados a buscar solu\u00e7\u00f5es alternativas para se deslocar pela cidade. Muitas pessoas come\u00e7aram a utilizar aplicativos de transporte, vans e lota\u00e7\u00f5es. Essa mudan\u00e7a repentina levou a um aumento no custo para muitos usu\u00e1rios que, diante da escassez de \u00f4nibus dispon\u00edveis, optaram por meios mais caros de transporte.<\/p>\n<p>A ado\u00e7\u00e3o de alternativas n\u00e3o foi apenas uma quest\u00e3o de escolha, mas uma necessidade imediata. A precariedade do transporte coletivo durante a greve sublinhou a depend\u00eancia que muitos t\u00eam desse servi\u00e7o b\u00e1sico para suas atividades di\u00e1rias.<\/p>\n<h2>Reclama\u00e7\u00f5es e Descontentamento da Popula\u00e7\u00e3o<\/h2>\n<p>A insatisfa\u00e7\u00e3o da popula\u00e7\u00e3o est\u00e1 em alta. Com \u00f4nibus urbanos sem circular, o descontentamento se reflete nas redes sociais e em conversas nas comunidades locais. Muitas pessoas expressam a frustra\u00e7\u00e3o n\u00e3o apenas pela falta de transporte, mas tamb\u00e9m pela sensa\u00e7\u00e3o de descaso por parte das autoridades e das empresas respons\u00e1veis pelo servi\u00e7o p\u00fablico.<\/p>\n<p>Os coment\u00e1rios giram em torno da necessidade urgente de solu\u00e7\u00f5es que garantam n\u00e3o apenas o cumprimento dos direitos dos trabalhadores, mas tamb\u00e9m a manuten\u00e7\u00e3o de um servi\u00e7o de qualidade para os usu\u00e1rios. A falta de uma comunica\u00e7\u00e3o clara sobre as negocia\u00e7\u00f5es entre o sindicato e as empresas tamb\u00e9m alimenta a incerteza e a ansiedade entre os passageiros.<\/p>\n<h2>Posicionamento do Sindicato dos Rodovi\u00e1rios<\/h2>\n<p>Marcelo Brito, presidente do Sttrema, deixou claro que a entidade est\u00e1 disposta a negociar, mas at\u00e9 o momento n\u00e3o houve qualquer convoca\u00e7\u00e3o para discutir a situa\u00e7\u00e3o. O sindicato chamou aten\u00e7\u00e3o para a aus\u00eancia de reuni\u00f5es marcadas que possam conduzir a um acordo que ponha fim \u00e0 paralisa\u00e7\u00e3o.<\/p>\n<p>Al\u00e9m disso, o sindicato refor\u00e7ou que a greve \u00e9 justificada pela necessidade de garantias de pagamento do reajuste salarial, que foi uma determina\u00e7\u00e3o judicial. A espera pela enforceidade dos direitos trabalhistas se tornou um ponto chave na mobiliza\u00e7\u00e3o da categoria.<\/p>\n<h2>O Que Diz a Prefeitura de S\u00e3o Lu\u00eds<\/h2>\n<p>A resposta da Prefeitura de S\u00e3o Lu\u00eds, por meio da Secretaria Municipal de Tr\u00e2nsito e Transportes (SMTT), afirma que todas as obriga\u00e7\u00f5es financeiras est\u00e3o sendo cumpridas. A administra\u00e7\u00e3o p\u00fablica alega que os repasses dos subs\u00eddios \u00e0s empresas est\u00e3o sendo feitos em dia, sem descontos ou atrasos.<\/p>\n<p>Esse posicionamento gerou controv\u00e9rsias, uma vez que o Sindicato dos Rodovi\u00e1rios discorda dessa afirma\u00e7\u00e3o, argumentando que, mesmo com o financiamento regular, os trabalhadores n\u00e3o tiveram seus direitos respeitados. A desconex\u00e3o entre as alega\u00e7\u00f5es da prefeitura e a realidade dos trabalhadores fortalece a indigna\u00e7\u00e3o das partes envolvidas.<\/p>\n<h2>Vouchers Liberados para Usu\u00e1rios<\/h2>\n<p>Para mitigar os impactos da paralisa\u00e7\u00e3o, o munic\u00edpio disponibilizou vouchers em um aplicativo de transporte. Essa a\u00e7\u00e3o visa assegurar que os usu\u00e1rios do sistema de transporte p\u00fablico consigam se locomover enquanto os \u00f4nibus est\u00e3o parados. Os vouchers foram disponibilizados para os usu\u00e1rios que j\u00e1 estavam cadastrados anteriormente.<\/p>\n<p>A medida \u00e9 um passo em dire\u00e7\u00e3o a aliviar a situa\u00e7\u00e3o, mas n\u00e3o resolve a quest\u00e3o central, que \u00e9 a falta de transporte coletivo. Apesar da boa inten\u00e7\u00e3o, as solu\u00e7\u00f5es imediatas n\u00e3o substituem a necessidade de um transporte p\u00fablico regular e eficiente.<\/p>\n<h2>Hist\u00f3rico de Greves no Transporte Urbano<\/h2>\n<p>As greves no transporte p\u00fablico de S\u00e3o Lu\u00eds n\u00e3o s\u00e3o novidade. Desde 2021, a cidade tem enfrentado diversas paralisa\u00e7\u00f5es que refletem a dificuldade nas rela\u00e7\u00f5es entre empregadores e trabalhadores. Tal hist\u00f3rico acende ainda mais o alerta sobre a precariedade do sistema de transporte na regi\u00e3o e exalta a import\u00e2ncia de um di\u00e1logo constante entre os envolvidos.<\/p>\n<p>Os problemas financeiros e administrativos das empresas de transporte, al\u00e9m do n\u00e3o cumprimento de acordos salariais, t\u00eam provocado um desgaste cont\u00ednuo nas rela\u00e7\u00f5es trabalhistas, resultando em transtornos para a popula\u00e7\u00e3o e para os trabalhadores.<\/p>\n<h2>Expectativas para o Fim da Greve<\/h2>\n<p>Com a greve em andamento, a expectativa de uma solu\u00e7\u00e3o r\u00e1pida \u00e9 baixa. Sem reuni\u00f5es agendadas ou movimenta\u00e7\u00e3o significativa de ambas as partes, a popula\u00e7\u00e3o come\u00e7a a se perguntar quando a situa\u00e7\u00e3o ser\u00e1 normalizada. Um acordo entre o sindicato e as empresas pode levar tempo, e a continuidade dessa paralisa\u00e7\u00e3o parece uma possibilidade iminente.<\/p>\n<p>Os usu\u00e1rios de transporte coletivo aguardam ansiosamente por um retorno \u00e0s rotas normais, mas as incertezas mant\u00e9m a tens\u00e3o no ar. Enquanto isso, as conversas informais entre trabalhadores e autoridades revelam uma necessidade urgente de propostas concretas.<\/p>\n<h2>O Papel da Justi\u00e7a na Resolu\u00e7\u00e3o do Conflito<\/h2>\n<p>Enquanto a greve persiste, o Minist\u00e9rio P\u00fablico do Maranh\u00e3o (MP-MA) j\u00e1 iniciou um inqu\u00e9rito civil para investigar as falhas no sistema de transporte coletivo. O MP-MA est\u00e1 coletando documenta\u00e7\u00e3o e dados que possam esclarecer a origem dos problemas estruturais e as raz\u00f5es para a instabilidade no transporte.<\/p>\n<p>A investiga\u00e7\u00e3o h\u00e1 de iluminar os reais motivos por tr\u00e1s das frequentes paralisa\u00e7\u00f5es e ser\u00e1 fundamental para a constru\u00e7\u00e3o de solu\u00e7\u00f5es que garantam tanto os direitos dos trabalhadores quanto a capacidade de mobilidade dos cidad\u00e3os de S\u00e3o Lu\u00eds.<\/p>\n\n<div style=\"font-size: 0px; height: 0px; line-height: 0px; margin: 0; padding: 0; clear: both;\"><\/div>","protected":false},"excerpt":{"rendered":"<p>Greve de \u00f4nibus em S\u00e3o Lu\u00eds: impactos e alternativas para os passageiros.<\/p>\n","protected":false},"author":1,"featured_media":0,"comment_status":"closed","ping_status":"closed","sticky":false,"template":"","format":"standard","meta":{"footnotes":""},"categories":[20],"tags":[],"class_list":["post-3285","post","type-post","status-publish","format-standard","hentry","category-noticias-em-sao-luis"],"_links":{"self":[{"href":"https:\/\/www.encontrasaoluisma.com.br\/sobre\/wp-json\/wp\/v2\/posts\/3285","targetHints":{"allow":["GET"]}}],"collection":[{"href":"https:\/\/www.encontrasaoluisma.com.br\/sobre\/wp-json\/wp\/v2\/posts"}],"about":[{"href":"https:\/\/www.encontrasaoluisma.com.br\/sobre\/wp-json\/wp\/v2\/types\/post"}],"author":[{"embeddable":true,"href":"https:\/\/www.encontrasaoluisma.com.br\/sobre\/wp-json\/wp\/v2\/users\/1"}],"replies":[{"embeddable":true,"href":"https:\/\/www.encontrasaoluisma.com.br\/sobre\/wp-json\/wp\/v2\/comments?post=3285"}],"version-history":[{"count":0,"href":"https:\/\/www.encontrasaoluisma.com.br\/sobre\/wp-json\/wp\/v2\/posts\/3285\/revisions"}],"wp:attachment":[{"href":"https:\/\/www.encontrasaoluisma.com.br\/sobre\/wp-json\/wp\/v2\/media?parent=3285"}],"wp:term":[{"taxonomy":"category","embeddable":true,"href":"https:\/\/www.encontrasaoluisma.com.br\/sobre\/wp-json\/wp\/v2\/categories?post=3285"},{"taxonomy":"post_tag","embeddable":true,"href":"https:\/\/www.encontrasaoluisma.com.br\/sobre\/wp-json\/wp\/v2\/tags?post=3285"}],"curies":[{"name":"wp","href":"https:\/\/api.w.org\/{rel}","templated":true}]}}