{"id":3286,"date":"2026-03-17T07:57:15","date_gmt":"2026-03-17T07:57:15","guid":{"rendered":"https:\/\/www.encontrasaoluisma.com.br\/sobre\/greve-dos-rodoviarios-e-suspensa-e-onibus-voltam-a-circular-em-sao-luis-nesta-terca\/"},"modified":"2026-03-17T07:57:15","modified_gmt":"2026-03-17T07:57:15","slug":"greve-dos-rodoviarios-e-suspensa-e-onibus-voltam-a-circular-em-sao-luis-nesta-terca","status":"publish","type":"post","link":"https:\/\/www.encontrasaoluisma.com.br\/sobre\/greve-dos-rodoviarios-e-suspensa-e-onibus-voltam-a-circular-em-sao-luis-nesta-terca\/","title":{"rendered":"Greve dos rodovi\u00e1rios \u00e9 suspensa e \u00f4nibus voltam a circular em S\u00e3o Lu\u00eds nesta ter\u00e7a"},"content":{"rendered":"<div class=\"b2725ec362a26ac90450d31a667f90fe\" data-index=\"1\" style=\"float: none; margin:0px;\">\n<!-- Anuncio display - global -->\r\n<ins class=\"adsbygoogle\"\r\n     style=\"display:block\"\r\n     data-ad-client=\"ca-pub-8585364105181520\"\r\n     data-ad-slot=\"8789329856\"\r\n     data-ad-format=\"auto\"\r\n     data-full-width-responsive=\"true\"><\/ins>\r\n<script>\r\n     (adsbygoogle = window.adsbygoogle || []).push({});\r\n<\/script>\n<\/div>\n<h2>Hist\u00f3rico da Greve dos Rodovi\u00e1rios em S\u00e3o Lu\u00eds<\/h2>\n<p>A greve dos rodovi\u00e1rios em S\u00e3o Lu\u00eds, iniciada no dia 13 de mar\u00e7o de 2026, foi motivada principalmente pela insatisfa\u00e7\u00e3o com o atraso no pagamento dos sal\u00e1rios e pelo n\u00e3o cumprimento de ajustes salariais que foram determinados pela Justi\u00e7a. Os trabalhadores requisitaram um aumento de 5,5% nos seus vencimentos, um central ponto de disc\u00f3rdia entre os sindicatos e as empresas de transporte.<\/p>\n<p>Ap\u00f3s dias de paralisa\u00e7\u00e3o, os \u00f4nibus urbanos e semiurbanos estavam totalmente fora de opera\u00e7\u00e3o, causando um impacto significativo no fluxo de transporte p\u00fablico da capital maranhense. Um acordo foi finalmente discutido e alcan\u00e7ado no dia 16 de mar\u00e7o, permitindo a suspens\u00e3o tempor\u00e1ria da greve.<\/p>\n<h2>Raz\u00f5es para a Suspens\u00e3o da Greve<\/h2>\n<p>A suspens\u00e3o da greve se deu ap\u00f3s uma s\u00e9rie de negocia\u00e7\u00f5es entre os sindicatos dos rodovi\u00e1rios e as empresas de transporte de passageiros, no qual as partes concordaram em discutir o pagamento dos sal\u00e1rios devidos. A principal raz\u00e3o apresentada pelos rodovi\u00e1rios foi a promessa do Sindicato das Empresas de Transporte (SET) de regularizar os sal\u00e1rios que estavam em atraso, um ponto cr\u00edtico que afetou diretamente suas decis\u00f5es.<\/p>\n<p>Os representantes do SET garantiram que os \u00f4nibus come\u00e7ariam a circular com cerca de 70% da frota assim que o acordo fosse efetivado, com uma expectativa de normaliza\u00e7\u00e3o completa at\u00e9 o final do dia.<\/p>\n<h2>Impacto da Greve no Transporte P\u00fablico<\/h2>\n<p>A greve resultou em s\u00e9rias consequ\u00eancias para o transporte p\u00fablico de S\u00e3o Lu\u00eds. Durante os primeiros dias da greve, os passageiros enfrentaram grandes dificuldades, como a aus\u00eancia total de \u00f4nibus, resultando em atrasos, aumento de custos com transporte alternativo e um evidente preju\u00edzo aos trabalhadores que dependem do transporte para suas rotinas di\u00e1rias, como ir ao trabalho ou escola.<\/p>\n<p>Embora os \u00f4nibus do sistema semiurbano, que atendem regi\u00f5es como Pa\u00e7o do Lumiar, Raposa e S\u00e3o Jos\u00e9 de Ribamar, tenham mantido suas opera\u00e7\u00f5es, a falta de servi\u00e7o urbano causou um congestionamento significativo nas vias, tornando a mobilidade da popula\u00e7\u00e3o extremamente dif\u00edcil.<\/p>\n<h2>Acordo entre Sindicatos e Empresas<\/h2>\n<p>O acordo entre os dois lados incluiu a regulariza\u00e7\u00e3o dos sal\u00e1rios atrasados e o compromisso de que as empresas iriam cumprir as determina\u00e7\u00f5es legais sobre o reajuste salarial. O diretor do SET, Paulo Pires, afirmou que eles se comprometeram a iniciar os pagamentos a partir do dia seguinte \u00e0 suspens\u00e3o da greve e que novas discuss\u00f5es seriam retomadas em quinze dias para discutir o pagamento do pr\u00f3ximo sal\u00e1rio.<\/p>\n<p>Al\u00e9m do ajuste salarial, as negocia\u00e7\u00f5es enfatizaram a import\u00e2ncia de se respeitar outros benef\u00edcios como plano odontol\u00f3gico, seguro de vida e exame toxicol\u00f3gico, que j\u00e1 haviam sido acordados judicialmente, mas n\u00e3o eram cumpridos.<\/p>\n<h2>Expectativas Futuras da Categoria<\/h2>\n<p>A categoria de rodovi\u00e1rios apresentou suas preocupa\u00e7\u00f5es ao afirmar que a greve n\u00e3o estava encerrada, mas suspensa. Marcelo Brito, presidente do Sindicato dos Rodovi\u00e1rios do Maranh\u00e3o, observou que o sucesso das negocia\u00e7\u00f5es depende do cumprimento efetivo do acordo. Caso os pagamentos de sal\u00e1rios ou reajustes n\u00e3o ocorram conforme prometido at\u00e9 o final do m\u00eas, uma nova greve poder\u00e1 ser considerada.<\/p>\n<p>Os trabalhadores est\u00e3o ansiosos para garantir que suas reivindica\u00e7\u00f5es sejam atendidas. A expectativa \u00e9 que as empresas e a prefeitura trabalhem em colabora\u00e7\u00e3o para evitar disrup\u00e7\u00f5es futuras no sistema de transporte p\u00fablico.<\/p>\n<h2>Processo de Normaliza\u00e7\u00e3o do Transporte<\/h2>\n<p>Ap\u00f3s o an\u00fancio da suspens\u00e3o da greve, a expectativa era de que os \u00f4nibus come\u00e7assem a circular gradualmente pela manh\u00e3 do dia 17 de mar\u00e7o de 2026. Inicialmente, cerca de 70% da frota estaria dispon\u00edvel, com a normaliza\u00e7\u00e3o total progressivamente b\u011bhem o dia. Este processo \u00e9 crucial para restaurar a confian\u00e7a dos passageiros no transporte p\u00fablico.<\/p>\n<p>A regulariza\u00e7\u00e3o de servi\u00e7os foi uma medida fundamental para aliviar as dificuldades enfrentadas por milhares de usu\u00e1rios do transporte coletivo, al\u00e9m de ser uma a\u00e7\u00e3o essencial para retomar as atividades econ\u00f4micas na cidade.<\/p>\n<h2>Repercuss\u00f5es para os Passageiros<\/h2>\n<p>Os impactos da greve se fizeram sentir de forma significativa entre os passageiros, que se viram sem uma op\u00e7\u00e3o confi\u00e1vel de transporte durante os dias de paralisa\u00e7\u00e3o. Muitos deles tiveram que buscar alternativas mais caras, causando um aumento no custo de vida di\u00e1rio. O resultado n\u00e3o s\u00f3 afetou os trabalhadores do setor, mas tamb\u00e9m impactou a economia local como um todo.<\/p>\n<p>Com a suspens\u00e3o da greve, os usu\u00e1rios estavam esperan\u00e7osos de que pudessem contar novamente com um servi\u00e7o de \u00f4nibus regular, reduzindo os impactos das paralisa\u00e7\u00f5es futuras, mas estavam cientes da fragilidade da situa\u00e7\u00e3o.<\/p>\n<h2>Pagamentos de Sal\u00e1rios Atrasados<\/h2>\n<p>Um dos pontos centrais das negocia\u00e7\u00f5es foi a regulariza\u00e7\u00e3o do pagamento dos sal\u00e1rios atrasados dos rodovi\u00e1rios. O diretor do SET, Paulo Pires, mencionou que o pagamento deveria ser realizado a partir do dia seguinte \u00e0 suspens\u00e3o da greve. Esta era uma condi\u00e7\u00e3o essencial para que os trabalhadores retornassem ao trabalho, uma vez que a canseira provocada pelos atrasos anteriores agitou a categoria de maneira significativa.<\/p>\n<p>A preocupa\u00e7\u00e3o dos rodovi\u00e1rios com a situa\u00e7\u00e3o financeira \u00e9 central para garantir a confian\u00e7a no sistema de transporte e evitar novas interrup\u00e7\u00f5es nos servi\u00e7os.<\/p>\n<h2>Pr\u00f3ximos Passos para os Rodovi\u00e1rios<\/h2>\n<p>Ap\u00f3s a suspens\u00e3o da greve, Marcelo Brito refor\u00e7ou que a categoria exigir\u00e1 aten\u00e7\u00e3o constante \u00e0s promessas feitas. O sindicato planeja acompanhar as a\u00e7\u00f5es das empresas para garantir o cumprimento integral do que foi acordado e n\u00e3o descartou a possibilidade de a\u00e7\u00f5es futuras caso as condi\u00e7\u00f5es de pagamento n\u00e3o sejam implementadas.<\/p>\n<p>A lurk na busca incessante por direitos pautados na Justi\u00e7a deve ser constantemente atualizada, e os rodovi\u00e1rios precisam estar prontos para retomar suas atividades de reivindica\u00e7\u00e3o se sentirem que suas condi\u00e7\u00f5es n\u00e3o est\u00e3o sendo respeitadas.<\/p>\n<h2>A\u00e7\u00f5es da Prefeitura e SET<\/h2>\n<p>A Prefeitura de S\u00e3o Lu\u00eds e as empresas do SET foram criticadas pela falta de di\u00e1logos e solu\u00e7\u00f5es antes que a situa\u00e7\u00e3o escalasse para uma greve. A administra\u00e7\u00e3o municipal afirmou que estava fazendo a sua parte em termos financeiros, mas a insatisfa\u00e7\u00e3o recorrente da categoria mostra uma falha em processos de comunica\u00e7\u00e3o hist\u00f3ricos.<\/p>\n<p>A prefeitura afirmou estar realizando os repasses \u00e0 frota de transporte de forma regular e sem atrasos, mas que a realidade dos trabalhadores contradiz essa afirma\u00e7\u00e3o e levanta questionamentos sobre a transpar\u00eancia e gest\u00e3o de recursos.<\/p>\n<p>Diante da situa\u00e7\u00e3o, a popula\u00e7\u00e3o e os usu\u00e1rios do transporte coletivo esperam que tanto a Prefeitura quanto as empresas cheguem a um consenso vi\u00e1vel, visando n\u00e3o apenas cumprir as obriga\u00e7\u00f5es financeiras, mas tamb\u00e9m preservar a dignidade e os direitos dos trabalhadores. Assim, a\u00e7\u00f5es corretivas devem ser tomadas para melhorar a qualidade do transporte p\u00fablico e o respeito pelos direitos dos trabalhadores em futuras discuss\u00f5es.<\/p>\n\n<div style=\"font-size: 0px; height: 0px; line-height: 0px; margin: 0; padding: 0; clear: both;\"><\/div>","protected":false},"excerpt":{"rendered":"<p>Greve dos rodovi\u00e1rios suspensa e \u00f4nibus voltam a circular em S\u00e3o Lu\u00eds nesta ter\u00e7a.<\/p>\n","protected":false},"author":1,"featured_media":0,"comment_status":"closed","ping_status":"closed","sticky":false,"template":"","format":"standard","meta":{"footnotes":""},"categories":[20],"tags":[],"class_list":["post-3286","post","type-post","status-publish","format-standard","hentry","category-noticias-em-sao-luis"],"_links":{"self":[{"href":"https:\/\/www.encontrasaoluisma.com.br\/sobre\/wp-json\/wp\/v2\/posts\/3286","targetHints":{"allow":["GET"]}}],"collection":[{"href":"https:\/\/www.encontrasaoluisma.com.br\/sobre\/wp-json\/wp\/v2\/posts"}],"about":[{"href":"https:\/\/www.encontrasaoluisma.com.br\/sobre\/wp-json\/wp\/v2\/types\/post"}],"author":[{"embeddable":true,"href":"https:\/\/www.encontrasaoluisma.com.br\/sobre\/wp-json\/wp\/v2\/users\/1"}],"replies":[{"embeddable":true,"href":"https:\/\/www.encontrasaoluisma.com.br\/sobre\/wp-json\/wp\/v2\/comments?post=3286"}],"version-history":[{"count":0,"href":"https:\/\/www.encontrasaoluisma.com.br\/sobre\/wp-json\/wp\/v2\/posts\/3286\/revisions"}],"wp:attachment":[{"href":"https:\/\/www.encontrasaoluisma.com.br\/sobre\/wp-json\/wp\/v2\/media?parent=3286"}],"wp:term":[{"taxonomy":"category","embeddable":true,"href":"https:\/\/www.encontrasaoluisma.com.br\/sobre\/wp-json\/wp\/v2\/categories?post=3286"},{"taxonomy":"post_tag","embeddable":true,"href":"https:\/\/www.encontrasaoluisma.com.br\/sobre\/wp-json\/wp\/v2\/tags?post=3286"}],"curies":[{"name":"wp","href":"https:\/\/api.w.org\/{rel}","templated":true}]}}