{"id":3287,"date":"2026-03-17T07:59:31","date_gmt":"2026-03-17T07:59:31","guid":{"rendered":"https:\/\/www.encontrasaoluisma.com.br\/sobre\/parana-pesquisas-prefeito-de-sao-luis-lidera-em-cenarios-para-governo-do-ma\/"},"modified":"2026-03-17T07:59:31","modified_gmt":"2026-03-17T07:59:31","slug":"parana-pesquisas-prefeito-de-sao-luis-lidera-em-cenarios-para-governo-do-ma","status":"publish","type":"post","link":"https:\/\/www.encontrasaoluisma.com.br\/sobre\/parana-pesquisas-prefeito-de-sao-luis-lidera-em-cenarios-para-governo-do-ma\/","title":{"rendered":"Paran\u00e1 Pesquisas: prefeito de S\u00e3o Lu\u00eds lidera em cen\u00e1rios para governo do MA"},"content":{"rendered":"<div class=\"b2725ec362a26ac90450d31a667f90fe\" data-index=\"1\" style=\"float: none; margin:0px;\">\n<!-- Anuncio display - global -->\r\n<ins class=\"adsbygoogle\"\r\n     style=\"display:block\"\r\n     data-ad-client=\"ca-pub-8585364105181520\"\r\n     data-ad-slot=\"8789329856\"\r\n     data-ad-format=\"auto\"\r\n     data-full-width-responsive=\"true\"><\/ins>\r\n<script>\r\n     (adsbygoogle = window.adsbygoogle || []).push({});\r\n<\/script>\n<\/div>\n<h2>A Ascens\u00e3o de Eduardo Braide<\/h2>\n<p>A trajet\u00f3ria pol\u00edtica de <strong>Eduardo Braide<\/strong>, atual prefeito de S\u00e3o Lu\u00eds, vem se destacando fortemente nas \u00faltimas elei\u00e7\u00f5es maranhenses. Sua base s\u00f3lida de apoio popular e suas propostas t\u00eam garantido-lhe uma posi\u00e7\u00e3o privilegiada, especialmente em ocasi\u00f5es que envolvem a disputa pelo governo do Maranh\u00e3o. A habilidade de Braide em se conectar com os cidad\u00e3os e abordar as quest\u00f5es que permeiam a vida cotidiana dos maranhenses tem sido fundamental para sua ascens\u00e3o pol\u00edtica.<\/p>\n<h2>Cen\u00e1rio Atual das Elei\u00e7\u00f5es no Maranh\u00e3o<\/h2>\n<p>O clima eleitoral para as elei\u00e7\u00f5es de 2026 no Maranh\u00e3o mostra-se din\u00e2mico. <strong>Eduardo Braide<\/strong> aparece como um nome forte nas pesquisas de inten\u00e7\u00e3o de voto. O <strong>Instituto Paran\u00e1 Pesquisas<\/strong> revelou que Braide lidera em cen\u00e1rios tanto para o primeiro quanto para o segundo turno. O aumento de sua popularidade \u00e9 um reflexo do trabalho realizado durante sua gest\u00e3o como prefeito, al\u00e9m de suas promessas para um futuro tamb\u00e9m focado em melhorias para a popula\u00e7\u00e3o.<\/p>\n<h2>An\u00e1lise dos Candidatos em Disputa<\/h2>\n<p>No pleito, Braide n\u00e3o \u00e9 o \u00fanico nome em discuss\u00e3o. Outros candidatos not\u00e1veis incluem:<\/p>\n<ul>\n<li><strong>Felipe Camar\u00e3o<\/strong> (PT) &#8211; Vice-governador do Maranh\u00e3o;<\/li>\n<li><strong>Lahesio Bonfim<\/strong> (Novo) &#8211; Ex-prefeito de S\u00e3o Pedro dos Crentes;<\/li>\n<li><strong>Orleans Brand\u00e3o<\/strong> (MDB) &#8211; Secret\u00e1rio de Assuntos Municipalistas do Executivo estadual.<\/li>\n<\/ul>\n<p>Esses candidatos tamb\u00e9m t\u00eam suas bases de apoio, mas, no momento, Braide tem se destacado em v\u00e1rias frentes.<\/p>\n<h2>Os Percentuais de Inten\u00e7\u00e3o de Voto<\/h2>\n<p>Em um primeiro cen\u00e1rio de disputa para o governo, Eduardo Braide apresenta um percentual de 34,6% nas inten\u00e7\u00f5es de voto, seguindo por Orleans Brand\u00e3o com 30,3%, Lahesio Bonfim com 16,1% e Felipe Camar\u00e3o com 6,9%. \u00c9 importante notar que 6,4% dos entrevistados consideram votar em branco ou nulo, enquanto 5,7% est\u00e3o indecisos.<\/p>\n<h2>Eduardo Braide e a Rejei\u00e7\u00e3o de Outros Candidatos<\/h2>\n<p>Quando se analisa a rejei\u00e7\u00e3o entre os candidatos, <strong>Felipe Camar\u00e3o<\/strong> \u00e9 o que apresenta o maior \u00edndice, com 31,2% dos entrevistados afirmando que n\u00e3o votariam nele de jeito nenhum. Orleans Brand\u00e3o e Lahesio Bonfim seguem com 22,6% e 19,8%, respectivamente. Em contraste, Eduardo Braide mostra-se como o candidato mais aceito, com uma rejei\u00e7\u00e3o de apenas 11%. Esse dado refor\u00e7a sua atratividade entre os eleitores e o potencial para vencer as elei\u00e7\u00f5es.<\/p>\n<h2>Expectativas para o Primeiro Turno<\/h2>\n<p>As expectativas para o primeiro turno s\u00e3o otimistas para Braide, especialmente considerando sua lideran\u00e7a nas pesquisas. O apoio da popula\u00e7\u00e3o e sua capacidade de mobiliza\u00e7\u00e3o podem ser determinantes para garantir sua passagem ao segundo turno. Se a tend\u00eancia atual se mantiver, \u00e9 prov\u00e1vel que ele e Orleans Brand\u00e3o sigam na disputa pela cadeira no governo.<\/p>\n<h2>Poss\u00edveis Cen\u00e1rios para o Segundo Turno<\/h2>\n<p>Entrando nos poss\u00edveis cen\u00e1rios para o segundo turno, as disputas est\u00e3o se delineando. Em um cen\u00e1rio entre Eduardo Braide e Orleans Brand\u00e3o, Braide \u00e9 projetado para vencer com 47,3% das inten\u00e7\u00f5es de voto, comparado a 39,1% para Brand\u00e3o. No segundo cen\u00e1rio, onde Orleans Brand\u00e3o e Lahesio Bonfim concorrem, Brand\u00e3o se aproxima da vit\u00f3ria, com 47,1% ao passo que Bonfim tem 36,8%. A din\u00e2mica entre esses candidatos continua em fluxo e ser\u00e1 interessante observar como isso se desenrola at\u00e9 a elei\u00e7\u00e3o.<\/p>\n<h2>O Papel do Senado nas Elei\u00e7\u00f5es de 2026<\/h2>\n<p>Al\u00e9m da corrida pelo governo, as elei\u00e7\u00f5es de 2026 tamb\u00e9m determinar\u00e3o as novas composi\u00e7\u00f5es do Senado Federal. Nesse contexto, <strong>Carlos Brand\u00e3o<\/strong> (PSB) e <strong>Roberto Rocha<\/strong> (PSDB) est\u00e3o posicionados como favoritos nas pesquisas para a Casa Alta. Outra configura\u00e7\u00e3o potencial inclui a deputada federal <strong>Roseana Sarney<\/strong> (MDB) sendo eleita ao lado de Rocha, mostrando que as escolhas para o Senado tamb\u00e9m s\u00e3o significativas para o futuro do Maranh\u00e3o.<\/p>\n<h2>Influ\u00eancias nas Decis\u00f5es Eleitorais dos Maranhenses<\/h2>\n<p>Os eleitores maranhenses est\u00e3o sendo influenciados por diversos fatores, incluindo quest\u00f5es locais, promessas de campanha e o hist\u00f3rico pr\u00e9vio dos candidatos. Eduardo Braide, com sua experi\u00eancia como prefeito, tem conseguido comunicar suas vis\u00f5es para um governo efetivo e em servi\u00e7o da popula\u00e7\u00e3o, o que fortalece ainda mais sua posi\u00e7\u00e3o no pleito eleitoral. Al\u00e9m disso, a an\u00e1lise das a\u00e7\u00f5es apoiadas durante a sua gest\u00e3o tamb\u00e9m se torna um propriedade relevante nas decis\u00f5es dos eleitores.<\/p>\n<h2>O Que Esperar at\u00e9 o Dia das Elei\u00e7\u00f5es<\/h2>\n<p>Ao se aproximarem as elei\u00e7\u00f5es, \u00e9 fundamental que os candidatos intensifiquem suas campanhas, garantam a visibilidade de suas propostas e engajem os eleitores por meio de eventos e intera\u00e7\u00f5es diretas. As pr\u00f3ximas semanas ser\u00e3o cruciais para a defini\u00e7\u00e3o dos resultados, e o apoio cont\u00ednuo de Braide pode ser a chave para sua vit\u00f3ria. O cen\u00e1rio pol\u00edtico no Maranh\u00e3o se torna cada vez mais intrigante, e os desdobramentos de cada a\u00e7\u00e3o e discurso poder\u00e3o fazer toda a diferen\u00e7a nas urnas.<\/p>\n\n<div style=\"font-size: 0px; height: 0px; line-height: 0px; margin: 0; padding: 0; clear: both;\"><\/div>","protected":false},"excerpt":{"rendered":"<p>Eduardo Braide lidera em inten\u00e7\u00f5es de voto para o governo do Maranh\u00e3o, segundo Paran\u00e1 Pesquisas.<\/p>\n","protected":false},"author":1,"featured_media":0,"comment_status":"closed","ping_status":"closed","sticky":false,"template":"","format":"standard","meta":{"footnotes":""},"categories":[20],"tags":[],"class_list":["post-3287","post","type-post","status-publish","format-standard","hentry","category-noticias-em-sao-luis"],"_links":{"self":[{"href":"https:\/\/www.encontrasaoluisma.com.br\/sobre\/wp-json\/wp\/v2\/posts\/3287","targetHints":{"allow":["GET"]}}],"collection":[{"href":"https:\/\/www.encontrasaoluisma.com.br\/sobre\/wp-json\/wp\/v2\/posts"}],"about":[{"href":"https:\/\/www.encontrasaoluisma.com.br\/sobre\/wp-json\/wp\/v2\/types\/post"}],"author":[{"embeddable":true,"href":"https:\/\/www.encontrasaoluisma.com.br\/sobre\/wp-json\/wp\/v2\/users\/1"}],"replies":[{"embeddable":true,"href":"https:\/\/www.encontrasaoluisma.com.br\/sobre\/wp-json\/wp\/v2\/comments?post=3287"}],"version-history":[{"count":0,"href":"https:\/\/www.encontrasaoluisma.com.br\/sobre\/wp-json\/wp\/v2\/posts\/3287\/revisions"}],"wp:attachment":[{"href":"https:\/\/www.encontrasaoluisma.com.br\/sobre\/wp-json\/wp\/v2\/media?parent=3287"}],"wp:term":[{"taxonomy":"category","embeddable":true,"href":"https:\/\/www.encontrasaoluisma.com.br\/sobre\/wp-json\/wp\/v2\/categories?post=3287"},{"taxonomy":"post_tag","embeddable":true,"href":"https:\/\/www.encontrasaoluisma.com.br\/sobre\/wp-json\/wp\/v2\/tags?post=3287"}],"curies":[{"name":"wp","href":"https:\/\/api.w.org\/{rel}","templated":true}]}}