{"id":3300,"date":"2026-03-23T07:57:11","date_gmt":"2026-03-23T07:57:11","guid":{"rendered":"https:\/\/www.encontrasaoluisma.com.br\/sobre\/campanha-de-multivacinacao-contra-o-hpv-comeca-em-sao-luis\/"},"modified":"2026-03-23T07:57:11","modified_gmt":"2026-03-23T07:57:11","slug":"campanha-de-multivacinacao-contra-o-hpv-comeca-em-sao-luis","status":"publish","type":"post","link":"https:\/\/www.encontrasaoluisma.com.br\/sobre\/campanha-de-multivacinacao-contra-o-hpv-comeca-em-sao-luis\/","title":{"rendered":"Campanha de multivacina\u00e7\u00e3o contra o HPV come\u00e7a em S\u00e3o Lu\u00eds"},"content":{"rendered":"<div class=\"b2725ec362a26ac90450d31a667f90fe\" data-index=\"1\" style=\"float: none; margin:0px;\">\n<!-- Anuncio display - global -->\r\n<ins class=\"adsbygoogle\"\r\n     style=\"display:block\"\r\n     data-ad-client=\"ca-pub-8585364105181520\"\r\n     data-ad-slot=\"8789329856\"\r\n     data-ad-format=\"auto\"\r\n     data-full-width-responsive=\"true\"><\/ins>\r\n<script>\r\n     (adsbygoogle = window.adsbygoogle || []).push({});\r\n<\/script>\n<\/div>\n<h2>O que \u00e9 o HPV?<\/h2>\n<p>O HPV, ou <strong>v\u00edrus do papiloma humano<\/strong>, \u00e9 uma infec\u00e7\u00e3o viral comum que pode afetar a pele e as mucosas. Existem mais de 200 tipos de HPV, sendo que alguns deles est\u00e3o associados ao desenvolvimento de c\u00e2ncer, como o c\u00e2ncer cervical, anal e orofaringe. A infec\u00e7\u00e3o por HPV \u00e9 frequentemente assintom\u00e1tica e pode ser transmitida por rela\u00e7\u00f5es sexuais ou contato \u00edntimo, tornando a vacina\u00e7\u00e3o uma ferramenta crucial na preven\u00e7\u00e3o.<\/p>\n<h2>Import\u00e2ncia da Vacina\u00e7\u00e3o<\/h2>\n<p>A vacina\u00e7\u00e3o contra o HPV \u00e9 vital para reduzir a incid\u00eancia de c\u00e2nceres relacionados ao v\u00edrus. A vacina proporciona prote\u00e7\u00e3o contra os tipos de HPV oncog\u00eanicos, especialmente os tipos 16 e 18, que s\u00e3o respons\u00e1veis pela maioria dos c\u00e2nceres cervicais. Al\u00e9m disso, a imuniza\u00e7\u00e3o ajuda a prevenir doen\u00e7as benignas, como verrugas genitais, que podem ser causadas por tipos de HPV n\u00e3o cancer\u00edgenos.<\/p>\n<h2>P\u00fablico-Alvo da Campanha<\/h2>\n<p>A campanha de vacina\u00e7\u00e3o se concentra principalmente em adolescentes e jovens de 15 a 19 anos. Esse grupo \u00e9 particularmente importante, pois a introdu\u00e7\u00e3o da vacina nessa faixa et\u00e1ria pode garantir que mais jovens sejam protegidos antes do in\u00edcio da vida sexual, contribuindo para uma boa sa\u00fade a longo prazo. A meta \u00e9 aumentar a cobertura vacinal dessa popula\u00e7\u00e3o, reduzindo assim a transmiss\u00e3o do HPV.<\/p>\n<h2>Como Participar da Vacina\u00e7\u00e3o<\/h2>\n<p>Para participar da campanha de vacina\u00e7\u00e3o, os interessados devem comparecer ao local designado durante o per\u00edodo da campanha. \u00c9 uma oportunidade de se vacinar, atualizar o cart\u00e3o de vacina\u00e7\u00e3o e se proteger contra o HPV. Recomenda-se que os adolescentes e jovens levem um respons\u00e1vel, caso sejam menores de idade, e sejam incentivados a conversar sobre a import\u00e2ncia da imuniza\u00e7\u00e3o.<\/p>\n<h2>Local e Hor\u00e1rio do Evento<\/h2>\n<p>A campanha de vacina\u00e7\u00e3o est\u00e1 ocorrendo no <strong>Shopping Rio Anil<\/strong>, no segundo piso. Os atendimentos acontecem de <strong>sexta-feira, 27<\/strong> at\u00e9 amanh\u00e3, s\u00e1bado, das <strong>10h \u00e0s 20h<\/strong>. Quanto mais pessoas se vacinarem, maior ser\u00e1 a prote\u00e7\u00e3o coletiva contra o HPV.<\/p>\n<h2>Documenta\u00e7\u00e3o Necess\u00e1ria<\/h2>\n<p>Para receber a vacina\u00e7\u00e3o, \u00e9 fundamental apresentar um documento de identidade com foto e o cart\u00e3o de vacina\u00e7\u00e3o. Para aqueles que n\u00e3o possu\u00edrem o cart\u00e3o na hora da vacina\u00e7\u00e3o, a equipe de sa\u00fade disponibilizar\u00e1 uma nova carteira para registro das vacinas recebidas.<\/p>\n<h2>Benef\u00edcios da Vacina\u00e7\u00e3o Contra o HPV<\/h2>\n<p>Os benef\u00edcios de vacinar-se contra o HPV v\u00e3o al\u00e9m da preven\u00e7\u00e3o do c\u00e2ncer cervical. A vacina contribui para:<\/p>\n<ul>\n<li><strong>Redu\u00e7\u00e3o da Incid\u00eancia de C\u00e2nceres:<\/strong> Protege contra os tipos de HPV que causam a maioria dos c\u00e2nceres cervicais, bem como c\u00e2ncer anal e orofaringe.<\/li>\n<li><strong>Preven\u00e7\u00e3o de Verrugas Genitais:<\/strong> A vacina\u00e7\u00e3o ajuda a prevenir o aparecimento de verrugas genitais, que s\u00e3o causadas por cepas de HPV.<\/li>\n<li><strong>Promo\u00e7\u00e3o da Sa\u00fade P\u00fablica:<\/strong> Aumentar a cobertura vacinal leva a uma redu\u00e7\u00e3o na transmiss\u00e3o do HPV dentro da comunidade.<\/li>\n<li><strong>Atualiza\u00e7\u00e3o do Cart\u00e3o de Vacina\u00e7\u00e3o:<\/strong> A a\u00e7\u00e3o tamb\u00e9m atualiza o registro vacinal, essencial para garantir que os jovens estejam completamente protegidos.<\/li>\n<\/ul>\n<h2>Taxa de Vacina\u00e7\u00e3o no Maranh\u00e3o<\/h2>\n<p>Atualmente, apenas cerca de <strong>70%<\/strong> do p\u00fablico-alvo no estado foi vacinado. Isso significa que ainda existem mais de <strong>200 mil pessoas<\/strong> que precisam ser imunizadas. A campanha visa alcan\u00e7ar uma cobertura entre <strong>90% e 95%<\/strong>, considerando as metas de sa\u00fade p\u00fablica para a erradica\u00e7\u00e3o de doen\u00e7as relacionadas ao HPV.<\/p>\n<h2>Depoimentos de Participantes<\/h2>\n<p>V\u00e1rias pessoas que participaram das campanhas anteriores destacam a import\u00e2ncia da vacina\u00e7\u00e3o. Exemplos incluem:<\/p>\n<ul>\n<li><strong>Maria, 17 anos:<\/strong> &#8220;Eu me vacinei porque quero me proteger e tamb\u00e9m proteger minhas amigas. \u00c9 uma quest\u00e3o de sa\u00fade!&#8221;<\/li>\n<li><strong>Jo\u00e3o, 19 anos:<\/strong> &#8220;A vacina \u00e9 r\u00e1pida e n\u00e3o d\u00f3i. Fiz para garantir um futuro saud\u00e1vel!&#8221;<\/li>\n<li><strong>Ana, m\u00e3e de um adolescente:<\/strong> &#8220;\u00c9 essencial que nossos filhos estejam protegidos. Eu trouxe meu filho para se vacinar e o incentivo a fazer isso sempre!&#8221;<\/li>\n<\/ul>\n<h2>Expectativas para a Campanha<\/h2>\n<p>A expectativa para esta campanha de vacina\u00e7\u00e3o \u00e9 muito positiva. Especialistas esperam que, com a divulga\u00e7\u00e3o adequada e a participa\u00e7\u00e3o ativa da comunidade, o n\u00famero de jovens vacinados aumente significativamente. O objetivo \u00e9 criar um futuro onde o HPV seja uma condi\u00e7\u00e3o menos prevalente, resultando em menos casos de c\u00e2ncer e melhor sa\u00fade p\u00fablica em geral.<\/p>\n\n<div style=\"font-size: 0px; height: 0px; line-height: 0px; margin: 0; padding: 0; clear: both;\"><\/div>","protected":false},"excerpt":{"rendered":"<p>Participe da campanha de multivacina\u00e7\u00e3o contra o HPV em S\u00e3o Lu\u00eds e proteja sua sa\u00fade!<\/p>\n","protected":false},"author":1,"featured_media":0,"comment_status":"closed","ping_status":"closed","sticky":false,"template":"","format":"standard","meta":{"footnotes":""},"categories":[33],"tags":[],"class_list":["post-3300","post","type-post","status-publish","format-standard","hentry","category-saude-em-sao-luis"],"_links":{"self":[{"href":"https:\/\/www.encontrasaoluisma.com.br\/sobre\/wp-json\/wp\/v2\/posts\/3300","targetHints":{"allow":["GET"]}}],"collection":[{"href":"https:\/\/www.encontrasaoluisma.com.br\/sobre\/wp-json\/wp\/v2\/posts"}],"about":[{"href":"https:\/\/www.encontrasaoluisma.com.br\/sobre\/wp-json\/wp\/v2\/types\/post"}],"author":[{"embeddable":true,"href":"https:\/\/www.encontrasaoluisma.com.br\/sobre\/wp-json\/wp\/v2\/users\/1"}],"replies":[{"embeddable":true,"href":"https:\/\/www.encontrasaoluisma.com.br\/sobre\/wp-json\/wp\/v2\/comments?post=3300"}],"version-history":[{"count":0,"href":"https:\/\/www.encontrasaoluisma.com.br\/sobre\/wp-json\/wp\/v2\/posts\/3300\/revisions"}],"wp:attachment":[{"href":"https:\/\/www.encontrasaoluisma.com.br\/sobre\/wp-json\/wp\/v2\/media?parent=3300"}],"wp:term":[{"taxonomy":"category","embeddable":true,"href":"https:\/\/www.encontrasaoluisma.com.br\/sobre\/wp-json\/wp\/v2\/categories?post=3300"},{"taxonomy":"post_tag","embeddable":true,"href":"https:\/\/www.encontrasaoluisma.com.br\/sobre\/wp-json\/wp\/v2\/tags?post=3300"}],"curies":[{"name":"wp","href":"https:\/\/api.w.org\/{rel}","templated":true}]}}