{"id":3331,"date":"2026-03-29T08:08:06","date_gmt":"2026-03-29T08:08:06","guid":{"rendered":"https:\/\/www.encontrasaoluisma.com.br\/sobre\/feirantes-bloqueiam-avenida-senador-vitorino-freire-apos-atraso-na-entrega-de-quiosques-do-entreposto-pesqueiro\/"},"modified":"2026-03-29T08:08:06","modified_gmt":"2026-03-29T08:08:06","slug":"feirantes-bloqueiam-avenida-senador-vitorino-freire-apos-atraso-na-entrega-de-quiosques-do-entreposto-pesqueiro","status":"publish","type":"post","link":"https:\/\/www.encontrasaoluisma.com.br\/sobre\/feirantes-bloqueiam-avenida-senador-vitorino-freire-apos-atraso-na-entrega-de-quiosques-do-entreposto-pesqueiro\/","title":{"rendered":"Feirantes bloqueiam Avenida Senador Vitorino Freire ap\u00f3s atraso na entrega de quiosques do Entreposto Pesqueiro"},"content":{"rendered":"<div class=\"b2725ec362a26ac90450d31a667f90fe\" data-index=\"1\" style=\"float: none; margin:0px;\">\n<!-- Anuncio display - global -->\r\n<ins class=\"adsbygoogle\"\r\n     style=\"display:block\"\r\n     data-ad-client=\"ca-pub-8585364105181520\"\r\n     data-ad-slot=\"8789329856\"\r\n     data-ad-format=\"auto\"\r\n     data-full-width-responsive=\"true\"><\/ins>\r\n<script>\r\n     (adsbygoogle = window.adsbygoogle || []).push({});\r\n<\/script>\n<\/div>\n<h2>Bloqueio de Avenida em S\u00e3o Lu\u00eds<\/h2>\n<p>Na manh\u00e3 desta quinta-feira (26), uma manifesta\u00e7\u00e3o de feirantes resultou no bloqueio total da Avenida Senador Vitorino Freire, situada no Anel Vi\u00e1rio de <strong>S\u00e3o Lu\u00eds<\/strong>. A interrup\u00e7\u00e3o das duas pistas provocou um significativo congestionamento, afetando o tr\u00e2nsito e o acesso dos \u00f4nibus ao Terminal de Integra\u00e7\u00e3o da Beira-Mar. A via foi liberada por volta das 7h40, ap\u00f3s a mobiliza\u00e7\u00e3o dos manifestantes.<\/p>\n<h2>Motivos da Manifesta\u00e7\u00e3o<\/h2>\n<p>A principal raz\u00e3o que motivou os feirantes a realizarem o bloqueio foi o atraso na entrega de quiosques prometidos pelo projeto do Entreposto Pesqueiro do Maranh\u00e3o. Segundo os manifestantes, esses quiosques, planejados para funcionar como lanchonetes, ainda n\u00e3o foram entregues, mesmo com o local em funcionamento por dois anos. Os feirantes expressaram sua insatisfa\u00e7\u00e3o, alegando que a falta dos espa\u00e7os os deixou sem condi\u00e7\u00f5es de trabalhar.<\/p>\n<h2>Impactos no Tr\u00e2nsito Local<\/h2>\n<p>O bloqueio na Avenida Senador Vitorino Freire gerou grandes reten\u00e7\u00f5es, complicando a circula\u00e7\u00e3o de centenas de pessoas que transitavam pela regi\u00e3o. Os \u00f4nibus n\u00e3o conseguiram acessar o terminal, for\u00e7ando os passageiros a desembarcarem nas proximidades do Anel Vi\u00e1rio e prosseguirem a p\u00e9 ou aguardarem a libera\u00e7\u00e3o da via.<\/p>\n<p><img decoding=\"async\" src=\"https:\/\/www.encontrasaoluisma.com.br\/sobre\/wp-content\/uploads\/2026\/03\/feirantes-bloqueiam-avenida-senador-vitorino-freire-apos-atraso-na-entrega-de-quiosques-do-entrepost.webp\" alt=\"feirantes\" loading=\"lazy\" \/><\/p>\n<h2>Rea\u00e7\u00e3o dos Manifestantes<\/h2>\n<p>Durante a manifesta\u00e7\u00e3o, os feirantes foram acompanhados por agentes da Secretaria Municipal de Tr\u00e2nsito e Transportes (SMTT), que buscaram organizar o tr\u00e1fego nas vias adjacentes. Os motoristas foram orientados a evitar a regi\u00e3o do bloqueio, que \u00e9 uma das principais rotas de liga\u00e7\u00e3o da cidade.<\/p>\n<h2>Resposta das Autoridades<\/h2>\n<p>A Secretaria de Estado da Agricultura e Pecu\u00e1ria (Sagrima) declarou ter recebido oficialmente as estruturas das lanchonetes e afirma que est\u00e1 adotando as medidas necess\u00e1rias para garantir a entrega aos concession\u00e1rios. Informa\u00e7\u00f5es da Sagrima indicam que as obras est\u00e3o conclu\u00eddas, mas o processo de libera\u00e7\u00e3o ainda requer o cumprimento de certos procedimentos legais que garantem a ocupa\u00e7\u00e3o adequada das \u00e1reas p\u00fablicas.<\/p>\n<h2>Cr\u00edticas ao Processo de Entrega<\/h2>\n<p>Os feirantes criticaram o longo per\u00edodo de espera e a falta de comunica\u00e7\u00e3o adequada sobre os prazos para a entrega dos quiosques. Eles solicitaram mais transpar\u00eancia e compromisso por parte das autoridades locais, enfatizando a import\u00e2ncia dos quiosques para sua subsist\u00eancia e atividades comerciais.<\/p>\n<h2>Feirantes Sem Espa\u00e7o para Trabalhar<\/h2>\n<p>Com a permanente incerteza sobre a entrega dos quiosques e a falta de alternativas para o exerc\u00edcio de suas atividades, muitos feirantes se encontram em uma situa\u00e7\u00e3o financeira cr\u00edtica. Eles reivindicam a urg\u00eancia na libera\u00e7\u00e3o das estruturas, que foram prometidas para o in\u00edcio do funcionamento do entreposto, mas que at\u00e9 hoje continuam sem uso.<\/p>\n<h2>Hist\u00f3rico do Entreposto Pesqueiro<\/h2>\n<p>O Entreposto Pesqueiro do Maranh\u00e3o foi criado com a finalidade de impulsionar a atividade econ\u00f4mica local e fornecer um espa\u00e7o organizado para a comercializa\u00e7\u00e3o de produtos pesqueiros. Desde o seu lan\u00e7amento, o projeto gerou expectativas de desenvolvimento para os feirantes, que outrora contavam com um ambiente adequado para a oferta de seus produtos. Contudo, com o atraso na entrega das benfeitorias, muitos deles sentem que as suas expectativas n\u00e3o t\u00eam se concretizado.<\/p>\n<h2>Expectativas dos Feirantes<\/h2>\n<p>Os feirantes esperam uma r\u00e1pida resolu\u00e7\u00e3o do impasse que envolve a entrega dos quiosques. Eles buscam garantir n\u00e3o apenas um espa\u00e7o de trabalho, mas a possibilidade de sustentar suas fam\u00edlias e contribuir com a economia local. O sentimento \u00e9 de que a colabora\u00e7\u00e3o entre os feirantes e as autoridades deve ser reafirmada para que a situa\u00e7\u00e3o seja revertida e o empreendimento cumpra seu prop\u00f3sito original.<\/p>\n<h2>Pr\u00f3ximos Passos para a Libera\u00e7\u00e3o<\/h2>\n<p>Para seguir em frente, os feirantes pretendem manter um di\u00e1logo aberto com a Sagrima e outros \u00f3rg\u00e3os competentes, buscando esclarecimentos sobre o estado das obras e um cronograma definitivo para a entrega. A uni\u00e3o do grupo \u00e9 vista como essencial para garantir que suas preocupa\u00e7\u00f5es sejam ouvidas e atendidas, evitando novas manifesta\u00e7\u00f5es que interrompam o tr\u00e2nsito e causem desconforto \u00e0 popula\u00e7\u00e3o.<\/p>\n\n<div style=\"font-size: 0px; height: 0px; line-height: 0px; margin: 0; padding: 0; clear: both;\"><\/div>","protected":false},"excerpt":{"rendered":"<p>Feirantes bloqueiam Avenida Senador Vitorino Freire ap\u00f3s atraso na entrega de quiosques.<\/p>\n","protected":false},"author":1,"featured_media":3330,"comment_status":"closed","ping_status":"closed","sticky":false,"template":"","format":"standard","meta":{"footnotes":""},"categories":[1],"tags":[],"class_list":["post-3331","post","type-post","status-publish","format-standard","has-post-thumbnail","hentry","category-concursos-em-sao-luis","has_thumb"],"_links":{"self":[{"href":"https:\/\/www.encontrasaoluisma.com.br\/sobre\/wp-json\/wp\/v2\/posts\/3331","targetHints":{"allow":["GET"]}}],"collection":[{"href":"https:\/\/www.encontrasaoluisma.com.br\/sobre\/wp-json\/wp\/v2\/posts"}],"about":[{"href":"https:\/\/www.encontrasaoluisma.com.br\/sobre\/wp-json\/wp\/v2\/types\/post"}],"author":[{"embeddable":true,"href":"https:\/\/www.encontrasaoluisma.com.br\/sobre\/wp-json\/wp\/v2\/users\/1"}],"replies":[{"embeddable":true,"href":"https:\/\/www.encontrasaoluisma.com.br\/sobre\/wp-json\/wp\/v2\/comments?post=3331"}],"version-history":[{"count":0,"href":"https:\/\/www.encontrasaoluisma.com.br\/sobre\/wp-json\/wp\/v2\/posts\/3331\/revisions"}],"wp:featuredmedia":[{"embeddable":true,"href":"https:\/\/www.encontrasaoluisma.com.br\/sobre\/wp-json\/wp\/v2\/media\/3330"}],"wp:attachment":[{"href":"https:\/\/www.encontrasaoluisma.com.br\/sobre\/wp-json\/wp\/v2\/media?parent=3331"}],"wp:term":[{"taxonomy":"category","embeddable":true,"href":"https:\/\/www.encontrasaoluisma.com.br\/sobre\/wp-json\/wp\/v2\/categories?post=3331"},{"taxonomy":"post_tag","embeddable":true,"href":"https:\/\/www.encontrasaoluisma.com.br\/sobre\/wp-json\/wp\/v2\/tags?post=3331"}],"curies":[{"name":"wp","href":"https:\/\/api.w.org\/{rel}","templated":true}]}}