{"id":3449,"date":"2026-04-26T07:55:26","date_gmt":"2026-04-26T07:55:26","guid":{"rendered":"https:\/\/www.encontrasaoluisma.com.br\/sobre\/servidores-do-hospital-universitario-presidente-dutra-entram-em-greve-em-sao-luis-paralisacao-e-nacional\/"},"modified":"2026-04-26T07:55:26","modified_gmt":"2026-04-26T07:55:26","slug":"servidores-do-hospital-universitario-presidente-dutra-entram-em-greve-em-sao-luis-paralisacao-e-nacional","status":"publish","type":"post","link":"https:\/\/www.encontrasaoluisma.com.br\/sobre\/servidores-do-hospital-universitario-presidente-dutra-entram-em-greve-em-sao-luis-paralisacao-e-nacional\/","title":{"rendered":"Servidores do Hospital Universit\u00e1rio Presidente Dutra entram em greve em S\u00e3o Lu\u00eds; paralisa\u00e7\u00e3o \u00e9 nacional"},"content":{"rendered":"<div class=\"b2725ec362a26ac90450d31a667f90fe\" data-index=\"1\" style=\"float: none; margin:0px;\">\n<!-- Anuncio display - global -->\r\n<ins class=\"adsbygoogle\"\r\n     style=\"display:block\"\r\n     data-ad-client=\"ca-pub-8585364105181520\"\r\n     data-ad-slot=\"8789329856\"\r\n     data-ad-format=\"auto\"\r\n     data-full-width-responsive=\"true\"><\/ins>\r\n<script>\r\n     (adsbygoogle = window.adsbygoogle || []).push({});\r\n<\/script>\n<\/div>\n<h2>Causas da Greve dos Servidores do Hospital Universit\u00e1rio Presidente Dutra<\/h2>\n<p>Os servidores do Hospital Universit\u00e1rio Presidente Dutra, localizado em S\u00e3o Lu\u00eds, iniciaram uma greve por tempo indeterminado como resultado de diversas insatisfa\u00e7\u00f5es acumuladas. As principais causas que levaram \u00e0 paralisa\u00e7\u00e3o incluem a demanda por um reajuste salarial significativo e melhorias nas condi\u00e7\u00f5es de trabalho. Al\u00e9m disso, os trabalhadores est\u00e3o reivindicando um aumento no vale-alimenta\u00e7\u00e3o, que atualmente n\u00e3o atende suas necessidades b\u00e1sicas diante da infla\u00e7\u00e3o crescente.<\/p>\n<p>A insatisfa\u00e7\u00e3o tamb\u00e9m remonta a um hist\u00f3rico de perdas salariais n\u00e3o recompostas, o que impacta diretamente na qualidade de vida dos funcion\u00e1rios. &#8220;\u00c9 um direito nosso buscar melhores condi\u00e7\u00f5es e reconhecimento pelo nosso trabalho&#8221;, afirma um dos representantes sindicais.<\/p>\n<h2>Principais Reivindica\u00e7\u00f5es dos Profissionais de Sa\u00fade<\/h2>\n<p>Durante a greve, as principais reivindica\u00e7\u00f5es expressas pelos profissionais de sa\u00fade incluem:<\/p>\n<p><img decoding=\"async\" src=\"https:\/\/www.encontrasaoluisma.com.br\/sobre\/wp-content\/uploads\/2026\/04\/servidores-do-hospital-universitario-presidente-dutra-entram-em-greve-em-sao-luis-paralisacao-e-naci.webp\" alt=\"greve servidores hospital universit\u00e1rio presidente dutra\" loading=\"lazy\" \/><\/p>\n<ul>\n<li><strong>Reajuste Salarial:<\/strong> Um aumento que reflita a infla\u00e7\u00e3o acumulada e as crescentes demandas de trabalho.<\/li>\n<li><strong>Aumento do Vale-Alimenta\u00e7\u00e3o:<\/strong> Proposta para que o valor do vale-alimenta\u00e7\u00e3o seja ajustado para atender a necessidade de uma alimenta\u00e7\u00e3o adequada.<\/li>\n<li><strong>Condi\u00e7\u00f5es de Trabalho:<\/strong> Exig\u00eancia de melhorias nas instala\u00e7\u00f5es e equipamentos utilizados por m\u00e9dicos e enfermeiros.<\/li>\n<li><strong>Cl\u00e1usulas Sociais:<\/strong> Inclus\u00e3o de novas cl\u00e1usulas que garantam melhores condi\u00e7\u00f5es de sa\u00fade e seguran\u00e7a para os trabalhadores.<\/li>\n<\/ul>\n<p>Essas reivindica\u00e7\u00f5es s\u00e3o fundamentais para assegurar n\u00e3o apenas a dignidade dos servidores, mas tamb\u00e9m a qualidade do atendimento prestado \u00e0 popula\u00e7\u00e3o do Maranh\u00e3o.<\/p>\n<h2>Como a Greve Afeta os Pacientes<\/h2>\n<p>A paralisa\u00e7\u00e3o no Hospital Universit\u00e1rio Presidente Dutra tem gerado impacto significativo no atendimento aos pacientes. Neste momento, apenas servi\u00e7os essenciais e atendimentos de emerg\u00eancia est\u00e3o sendo realizados, o que significa que muitos procedimentos eletivos e consultas est\u00e3o suspensos. Isso pode gerar atrasos em diagn\u00f3sticos e tratamentos, principalmente para aqueles que dependem do hospital para cuidados cont\u00ednuos.<\/p>\n<p>Os pacientes e familiares demonstram preocupa\u00e7\u00e3o com a situa\u00e7\u00e3o, uma vez que a demora para atendimento pode levar a complica\u00e7\u00f5es em sua sa\u00fade. &#8220;Fico angustiado, pois precisei marcar uma consulta e n\u00e3o sei quando conseguirei ser atendido&#8221;, relata um usu\u00e1rio dos servi\u00e7os do hospital.<\/p>\n<h2>Impacto da Greve na Sa\u00fade P\u00fablica<\/h2>\n<p>A greve no Hospital Universit\u00e1rio Presidente Dutra n\u00e3o \u00e9 um evento isolado, mas sim parte de um contexto mais amplo que reflete os desafios enfrentados pela sa\u00fade p\u00fablica no Brasil. A opera\u00e7\u00e3o reduzida do hospital pode sobrecarregar outros servi\u00e7os de sa\u00fade na regi\u00e3o, levando a uma prec\u00e1ria distribui\u00e7\u00e3o de cuidados. <\/p>\n<p>A interrup\u00e7\u00e3o dos atendimentos pode ocasionar um aumento na busca por emerg\u00eancias em outras unidades de sa\u00fade, comprometendo sua capacidade e efic\u00e1cia. Al\u00e9m disso, isso pode resultar em uma postura negativa em rela\u00e7\u00e3o ao sistema de sa\u00fade p\u00fablica, j\u00e1 que a popula\u00e7\u00e3o depende de hospitais universit\u00e1rios para atendimento especializado.<\/p>\n<h2>Resposta da Administra\u00e7\u00e3o do Hospital<\/h2>\n<p>A administra\u00e7\u00e3o do Hospital Universit\u00e1rio Presidente Dutra se manifestou atrav\u00e9s de mensagens oficiais, informando que est\u00e1 em processo de negocia\u00e7\u00e3o com os sindicatos representativos dos trabalhadores. A dire\u00e7\u00e3o enfatiza o compromisso com o di\u00e1logo e o bem-estar dos colaboradores. No entanto, muitos servidores consideram que as propostas apresentadas at\u00e9 o momento n\u00e3o atendem adequadamente as demandas levantadas.<\/p>\n<p>A administra\u00e7\u00e3o tamb\u00e9m destaca que est\u00e3o sendo adotadas medidas para garantir a continuidade dos servi\u00e7os essenciais de sa\u00fade, tentando minimizar os impactos da greve sobre a popula\u00e7\u00e3o.<\/p>\n<h2>A Mobiliza\u00e7\u00e3o Nacional e Seus Efeitos<\/h2>\n<p>A greve no Hospital Universit\u00e1rio Presidente Dutra faz parte de uma mobiliza\u00e7\u00e3o nacional que inclui diversas unidades de sa\u00fade vinculadas \u00e0 Empresa Brasileira de Servi\u00e7os Hospitalares (Ebserh). Este movimento reflete um descontentamento coletivo entre os servidores p\u00fablicos da \u00e1rea da sa\u00fade em v\u00e1rios estados do Brasil.<\/p>\n<p>As mobiliza\u00e7\u00f5es t\u00eam como objetivo chamar a aten\u00e7\u00e3o para a necessidade de melhores condi\u00e7\u00f5es de trabalho, refletindo a realidade enfrentada por trabalhadores da sa\u00fade em todo o pa\u00eds. Essa luta se intensifica, buscando refor\u00e7ar a import\u00e2ncia da valoriza\u00e7\u00e3o dos profissionais que atuam na linha de frente da sa\u00fade p\u00fablica.<\/p>\n<h2>Reuni\u00f5es de Negocia\u00e7\u00e3o em Andamento<\/h2>\n<p>As reuni\u00f5es entre a administra\u00e7\u00e3o do hospital e os representantes dos servidores est\u00e3o em andamento, mediadas por entidades sindicais e o Tribunal Superior do Trabalho (TST). A expectativa \u00e9 que novas propostas sejam apresentadas, a fim de buscar um consenso que promova uma solu\u00e7\u00e3o satisfat\u00f3ria para todos os envolvidos.<\/p>\n<p>Essas negocia\u00e7\u00f5es s\u00e3o cruciais, pois podem determinar n\u00e3o apenas os termos do Acordo Coletivo de Trabalho, mas tamb\u00e9m influenciar o clima organizacional dentro do hospital e a qualidade do atendimento aos pacientes.<\/p>\n<h2>Rea\u00e7\u00f5es da Comunidade e Pacientes<\/h2>\n<p>A comunidade local e os pacientes reagem de forma mista \u00e0 greve dos servidores do hospital. Enquanto alguns compreendem a necessidade dos trabalhadores de lutar por melhores condi\u00e7\u00f5es, outros se mostram preocupados com a aus\u00eancia de servi\u00e7os m\u00e9dicos. A situa\u00e7\u00e3o leva a debates sobre o valor e a import\u00e2ncia de se investir em sa\u00fade p\u00fablica adequada.<\/p>\n<p>&#8220;Entendo que lutam por seus direitos, mas precisamos de atendimento&#8221;, opina um paciente que frequenta a unidade. Os \u00f3rg\u00e3os de imprensa t\u00eam sido palco para discuss\u00f5es sobre o papel dos servidores e o impacto de suas a\u00e7\u00f5es no cotidiano da popula\u00e7\u00e3o.<\/p>\n<h2>Hist\u00f3rico de Greves na Sa\u00fade<\/h2>\n<p>O Brasil possui um hist\u00f3rico de greves no setor de sa\u00fade, muitas das quais emergem da insatisfa\u00e7\u00e3o com sal\u00e1rios baixos e condi\u00e7\u00f5es de trabalho inadequadas. O caso do Hospital Universit\u00e1rio Presidente Dutra n\u00e3o \u00e9 uma exce\u00e7\u00e3o, mas sim uma continuidade de uma luta que remonta a muitos anos.<\/p>\n<p>As greves passadas frequentemente resultaram em mudan\u00e7as nas pol\u00edticas de remunera\u00e7\u00e3o e benef\u00edcios para os trabalhadores, demonstrando que a mobiliza\u00e7\u00e3o coletiva pode trazer resultados pr\u00e1ticos. Historicamente, a capacidade de alavancar mudan\u00e7as por meio da greve tem sido um fator determinante na evolu\u00e7\u00e3o das rela\u00e7\u00f5es de trabalho no setor p\u00fablico de sa\u00fade.<\/p>\n<h2>Poss\u00edveis Consequ\u00eancias Futuras da Paralisa\u00e7\u00e3o<\/h2>\n<p>A continuidade da greve pode gerar consequ\u00eancias significativas tanto para os servidores quanto para os pacientes. Para os trabalhadores, a mobiliza\u00e7\u00e3o pode resultar em conquistas importantes, como melhorias nas condi\u00e7\u00f5es de trabalho e reajustes salariais. No entanto, a prolonga\u00e7\u00e3o do movimento pode intensificar os problemas financeiros pessoais dos profissionais envolvidos.<\/p>\n<p>Para os pacientes, se a paralisa\u00e7\u00e3o se estender, haver\u00e1 alooca\u00e7\u00e3o de demandas de atendimentos para outros servi\u00e7os, que podem n\u00e3o estar preparados para essa sobrecarga. O sistema de sa\u00fade poder\u00e1 enfrentar uma crise mais profunda se n\u00e3o houver interven\u00e7\u00f5es r\u00e1pidas e eficazes n\u00e3o apenas para atender \u00e0 sa\u00fade p\u00fablica e as necessidades dos profissionais de sa\u00fade.<\/p>\n\n<div style=\"font-size: 0px; height: 0px; line-height: 0px; margin: 0; padding: 0; clear: both;\"><\/div>","protected":false},"excerpt":{"rendered":"<p>Servidores do Hospital Universit\u00e1rio Presidente Dutra est\u00e3o em greve por melhores sal\u00e1rios e benef\u00edcios.<\/p>\n","protected":false},"author":1,"featured_media":3448,"comment_status":"closed","ping_status":"closed","sticky":false,"template":"","format":"standard","meta":{"footnotes":""},"categories":[1],"tags":[],"class_list":["post-3449","post","type-post","status-publish","format-standard","has-post-thumbnail","hentry","category-concursos-em-sao-luis","has_thumb"],"_links":{"self":[{"href":"https:\/\/www.encontrasaoluisma.com.br\/sobre\/wp-json\/wp\/v2\/posts\/3449","targetHints":{"allow":["GET"]}}],"collection":[{"href":"https:\/\/www.encontrasaoluisma.com.br\/sobre\/wp-json\/wp\/v2\/posts"}],"about":[{"href":"https:\/\/www.encontrasaoluisma.com.br\/sobre\/wp-json\/wp\/v2\/types\/post"}],"author":[{"embeddable":true,"href":"https:\/\/www.encontrasaoluisma.com.br\/sobre\/wp-json\/wp\/v2\/users\/1"}],"replies":[{"embeddable":true,"href":"https:\/\/www.encontrasaoluisma.com.br\/sobre\/wp-json\/wp\/v2\/comments?post=3449"}],"version-history":[{"count":0,"href":"https:\/\/www.encontrasaoluisma.com.br\/sobre\/wp-json\/wp\/v2\/posts\/3449\/revisions"}],"wp:featuredmedia":[{"embeddable":true,"href":"https:\/\/www.encontrasaoluisma.com.br\/sobre\/wp-json\/wp\/v2\/media\/3448"}],"wp:attachment":[{"href":"https:\/\/www.encontrasaoluisma.com.br\/sobre\/wp-json\/wp\/v2\/media?parent=3449"}],"wp:term":[{"taxonomy":"category","embeddable":true,"href":"https:\/\/www.encontrasaoluisma.com.br\/sobre\/wp-json\/wp\/v2\/categories?post=3449"},{"taxonomy":"post_tag","embeddable":true,"href":"https:\/\/www.encontrasaoluisma.com.br\/sobre\/wp-json\/wp\/v2\/tags?post=3449"}],"curies":[{"name":"wp","href":"https:\/\/api.w.org\/{rel}","templated":true}]}}