{"id":3451,"date":"2026-04-27T07:54:06","date_gmt":"2026-04-27T07:54:06","guid":{"rendered":"https:\/\/www.encontrasaoluisma.com.br\/sobre\/filme-moleques-estreia-em-sao-luis-com-exibicao-aberta-ao-publico\/"},"modified":"2026-04-27T07:54:06","modified_gmt":"2026-04-27T07:54:06","slug":"filme-moleques-estreia-em-sao-luis-com-exibicao-aberta-ao-publico","status":"publish","type":"post","link":"https:\/\/www.encontrasaoluisma.com.br\/sobre\/filme-moleques-estreia-em-sao-luis-com-exibicao-aberta-ao-publico\/","title":{"rendered":"Filme \u2018Moleques\u2019 estreia em S\u00e3o Lu\u00eds com exibi\u00e7\u00e3o aberta ao p\u00fablico"},"content":{"rendered":"<div class=\"b2725ec362a26ac90450d31a667f90fe\" data-index=\"1\" style=\"float: none; margin:0px;\">\n<!-- Anuncio display - global -->\r\n<ins class=\"adsbygoogle\"\r\n     style=\"display:block\"\r\n     data-ad-client=\"ca-pub-8585364105181520\"\r\n     data-ad-slot=\"8789329856\"\r\n     data-ad-format=\"auto\"\r\n     data-full-width-responsive=\"true\"><\/ins>\r\n<script>\r\n     (adsbygoogle = window.adsbygoogle || []).push({});\r\n<\/script>\n<\/div>\n<h2>A Estr\u00e9ia do Filme \u2018Moleques\u2019 em S\u00e3o Lu\u00eds<\/h2>\n<p>O emocionante curta-metragem \u2018Moleques\u2019, fruto do profundo trabalho de pesquisa do historiador <strong>Roberto Pereira<\/strong>, ser\u00e1 apresentado ao p\u00fablico na pr\u00f3xima sexta-feira, dia <strong>17<\/strong>, \u00e0s <strong>19h30<\/strong>. O local escolhido para essa estreia \u00e9 a Pra\u00e7a do Jap\u00e3o, situada no <strong>bairro da Liberdade<\/strong>, em S\u00e3o Lu\u00eds, Maranh\u00e3o. Esta exibi\u00e7\u00e3o \u00e9 completamente aberta ao p\u00fablico, oferecendo a todos a oportunidade de apreciar uma obra que busca resgatar parte significativa da hist\u00f3ria local.<\/p>\n<h2>Roberto Pereira e sua Pesquisa Hist\u00f3rica<\/h2>\n<p>Roberto Pereira, o historiador por tr\u00e1s do filme, dedicou-se intensamente a pesquisar sobre a hist\u00f3ria da capital maranhense, especialmente no per\u00edodo pr\u00f3ximo \u00e0 aboli\u00e7\u00e3o da escravid\u00e3o. Ele destaca que a produ\u00e7\u00e3o nasceu da inten\u00e7\u00e3o de trazer \u00e0 luz o cotidiano de grupos conhecidos como <strong>maltas de moleques<\/strong>, compostos por adolescentes escravizados, livres e libertos, que tomavam conta das ruas da cidade durante o s\u00e9culo XIX.<\/p>\n<p>Os eventos retratados no filme ocorrem em <strong>1888<\/strong>, um ano crucial onde esses jovens se tornaram protagonistas de um cotidiano repleto de <strong>conflitos<\/strong>, <strong>resist\u00eancia<\/strong> e ricas <strong>express\u00f5es culturais<\/strong> que marcaram a vida urbana de S\u00e3o Lu\u00eds, proporcionando uma nova perspectiva sobre a hist\u00f3ria da escravid\u00e3o e suas consequ\u00eancias.<\/p>\n<p><img decoding=\"async\" src=\"https:\/\/www.encontrasaoluisma.com.br\/sobre\/wp-content\/uploads\/2026\/04\/filme-moleques-estreia-em-sao-luis-com-exibicao-aberta-ao-publico.webp\" alt=\"filme moleques\" loading=\"lazy\" \/><\/p>\n<h2>A Import\u00e2ncia da Exibi\u00e7\u00e3o P\u00fablica do Filme<\/h2>\n<p>A exibi\u00e7\u00e3o p\u00fablica de \u2018Moleques\u2019 representa uma oportunidade singular para o p\u00fablico se conectar com a hist\u00f3ria de sua cidade. Al\u00e9m de ser um momento de celebra\u00e7\u00e3o da luta e resist\u00eancia dos jovens, a apresenta\u00e7\u00e3o pretende abrir um espa\u00e7o para di\u00e1logos sobre quest\u00f5es hist\u00f3ricas que continuam a reverberar na sociedade contempor\u00e2nea.<\/p>\n<p>Com isso, o filme chega como uma forma de estimular a reflex\u00e3o sobre os desafios enfrentados pelas minorias e a resili\u00eancia da cultura afro-brasileira, muito presente na forma\u00e7\u00e3o da identidade local.<\/p>\n<h2>Contexto Hist\u00f3rico de S\u00e3o Lu\u00eds em 1888<\/h2>\n<p>No ano de <strong>1888<\/strong>, S\u00e3o Lu\u00eds era marcada por uma sociedade em transforma\u00e7\u00f5es. As maltas de moleques, segundo o historiador, eram vitais para compreender a din\u00e2mica social da \u00e9poca. Essas crian\u00e7as, muitas vezes invisibilizadas na hist\u00f3ria tradicional, expressavam sua liberdade e resist\u00eancia atrav\u00e9s de brincadeiras, arrua\u00e7as e at\u00e9 mesmo confrontos com a <strong>pol\u00edcia<\/strong>.<\/p>\n<p>Pereira explica que a cidade, nesse momento hist\u00f3rico, era palco de intera\u00e7\u00f5es complexas entre elites escravistas e as classes populares, refletindo um cen\u00e1rio de tens\u00f5es sociopol\u00edticas que culminariam na aboli\u00e7\u00e3o da escravid\u00e3o poucos meses ap\u00f3s os eventos retratados no filme.<\/p>\n<h2>Jovens Escriv\u00e3es em A\u00e7\u00e3o no Filme<\/h2>\n<p>O curta apresenta um elenco formado por jovens moradores do <strong>Quilombo Liberdade<\/strong>, ubicado em S\u00e3o Lu\u00eds. Um dos participantes, <strong>Hugo Gabriel e Silva<\/strong>, expressa a profundidade da experi\u00eancia de atuar no filme, revelando como isso trouxe uma nova compreens\u00e3o sobre sua hist\u00f3ria e sua cultura.<\/p>\n<p>O estudante compartilha: &#8220;Foi muito bom ter essa proximidade e estar passando algo que foi dos nossos antepassados, trazer essa hist\u00f3ria para as pessoas nos dias atuais \u00e9 algo muito bacana&#8221;. Essa conex\u00e3o entre as gera\u00e7\u00f5es mostra a import\u00e2ncia da transmiss\u00e3o de conhecimento e da valoriza\u00e7\u00e3o das ra\u00edzes culturais.<\/p>\n<h2>Desafios da Produ\u00e7\u00e3o Fora dos Grandes Centros<\/h2>\n<p>A produ\u00e7\u00e3o de filmes em locais fora dos grandes centros, como S\u00e3o Lu\u00eds, apresenta desafios \u00fanicos. A realiza\u00e7\u00e3o de \u2018Moleques\u2019 levou cerca de <strong>dois meses<\/strong> e contou com recursos proporcionados pela <strong>Lei Paulo Gustavo<\/strong>. Este apoio foi fundamental n\u00e3o apenas para viabilizar a grava\u00e7\u00e3o, mas tamb\u00e9m para promover a cultura local.<\/p>\n<p>Realizar uma produ\u00e7\u00e3o com or\u00e7amento reduzido e em um espa\u00e7o urbano complexo exigiu criatividade e perseveran\u00e7a. O trabalho conjunto da equipe e do elenco foi crucial para superar os obst\u00e1culos t\u00edpicos enfrentados por projetos audiovisuais que buscam destacar narrativas hist\u00f3ricas.<\/p>\n<h2>A Narrativa de Resist\u00eancia e Liberdade<\/h2>\n<p>\u2018Moleques\u2019 se prop\u00f5e a apresentar uma narrativa que vai al\u00e9m da simple reprodu\u00e7\u00e3o de fatos hist\u00f3ricos. O filme destaca como as crian\u00e7as e adolescentes da \u00e9poca aproveitavam os raros momentos de liberdade para expressar a alegria e a vivacidade de suas comunidades, subvertendo a opress\u00e3o di\u00e1ria atrav\u00e9s da cultura e do cotidiano.<\/p>\n<p>Pereira enfatiza que essas pr\u00e1ticas n\u00e3o eram apenas manifesta\u00e7\u00f5es de rebeldia, mas tamb\u00e9m formas de resist\u00eancia que moldaram a identidade cultural da popula\u00e7\u00e3o negra em S\u00e3o Lu\u00eds.<\/p>\n<h2>Como o Filme foi Recebido pelo P\u00fablico<\/h2>\n<p>As primeiras exibi\u00e7\u00f5es do curta est\u00e3o gerando grande expectativa e curiosidade. O fato de ser um filme que traz temas relevantes e pouco discutidos em ambientes formais promete impactar a audi\u00eancia, instigando a reflex\u00e3o e o di\u00e1logo sobre a hist\u00f3ria da escravid\u00e3o e suas consequ\u00eancias diretas na sociedade brasileira contempor\u00e2nea.<\/p>\n<p>Ao apresentar essas narrativas ao p\u00fablico, \u2018Moleques\u2019 n\u00e3o s\u00f3 reafirma a import\u00e2ncia da mem\u00f3ria hist\u00f3rica, mas tamb\u00e9m encoraja uma discuss\u00e3o profunda sobre as desigualdades persistentes que ainda afetam muitos segmentos da popula\u00e7\u00e3o.<\/p>\n<h2>Recursos da Lei Paulo Gustavo no Cinema<\/h2>\n<p>A <strong>Lei Paulo Gustavo<\/strong> \u00e9 um marco importante para a cultura brasileira, uma vez que permite a destina\u00e7\u00e3o de recursos federais a estados e munic\u00edpios visando apoiar iniciativas culturais, especialmente ap\u00f3s os impactos severos da pandemia da COVID-19. Essa legisla\u00e7\u00e3o tem como objetivo revitalizar o setor cultural, oferecendo oportunidades para projetos que promovam a diversidade e a inclus\u00e3o.<\/p>\n<p>O filme \u2018Moleques\u2019 \u00e9 um exemplo claro de como esses recursos est\u00e3o sendo utilizados para fortalecer a produ\u00e7\u00e3o cultural e as vozes locais, trazendo \u00e0 tona assuntos de relev\u00e2ncia hist\u00f3rica e social.<\/p>\n<h2>Reflex\u00f5es sobre a Hist\u00f3ria e Resist\u00eancia Cultural<\/h2>\n<p>Atrav\u00e9s de \u2018Moleques\u2019, somos levados a refletir n\u00e3o apenas sobre as injusti\u00e7as do passado, mas tamb\u00e9m sobre as formas contempor\u00e2neas de resist\u00eancia cultural que ainda perduram. A luta por reconhecimento e valoriza\u00e7\u00e3o da cultura afro-brasileira permanece relevante, e o filme se estabelece como um ve\u00edculo para fomentar essas discuss\u00f5es.<\/p>\n<p>O trabalho de Roberto Pereira e sua equipe n\u00e3o s\u00f3 ilumina partes da hist\u00f3ria brasileira que s\u00e3o frequentemente esquecidas, mas tamb\u00e9m convida o p\u00fablico a se envolver ativamente com essas narrativas, incentivando o aprendizado e a conscientiza\u00e7\u00e3o sobre a import\u00e2ncia da cultura na constru\u00e7\u00e3o da identidade coletiva.<\/p>\n\n<div style=\"font-size: 0px; height: 0px; line-height: 0px; margin: 0; padding: 0; clear: both;\"><\/div>","protected":false},"excerpt":{"rendered":"<p>Filme \u2018Moleques\u2019 captura a ess\u00eancia cultural de S\u00e3o Lu\u00eds antes da aboli\u00e7\u00e3o.<\/p>\n","protected":false},"author":1,"featured_media":3450,"comment_status":"closed","ping_status":"closed","sticky":false,"template":"","format":"standard","meta":{"footnotes":""},"categories":[1],"tags":[],"class_list":["post-3451","post","type-post","status-publish","format-standard","has-post-thumbnail","hentry","category-concursos-em-sao-luis","has_thumb"],"_links":{"self":[{"href":"https:\/\/www.encontrasaoluisma.com.br\/sobre\/wp-json\/wp\/v2\/posts\/3451","targetHints":{"allow":["GET"]}}],"collection":[{"href":"https:\/\/www.encontrasaoluisma.com.br\/sobre\/wp-json\/wp\/v2\/posts"}],"about":[{"href":"https:\/\/www.encontrasaoluisma.com.br\/sobre\/wp-json\/wp\/v2\/types\/post"}],"author":[{"embeddable":true,"href":"https:\/\/www.encontrasaoluisma.com.br\/sobre\/wp-json\/wp\/v2\/users\/1"}],"replies":[{"embeddable":true,"href":"https:\/\/www.encontrasaoluisma.com.br\/sobre\/wp-json\/wp\/v2\/comments?post=3451"}],"version-history":[{"count":0,"href":"https:\/\/www.encontrasaoluisma.com.br\/sobre\/wp-json\/wp\/v2\/posts\/3451\/revisions"}],"wp:featuredmedia":[{"embeddable":true,"href":"https:\/\/www.encontrasaoluisma.com.br\/sobre\/wp-json\/wp\/v2\/media\/3450"}],"wp:attachment":[{"href":"https:\/\/www.encontrasaoluisma.com.br\/sobre\/wp-json\/wp\/v2\/media?parent=3451"}],"wp:term":[{"taxonomy":"category","embeddable":true,"href":"https:\/\/www.encontrasaoluisma.com.br\/sobre\/wp-json\/wp\/v2\/categories?post=3451"},{"taxonomy":"post_tag","embeddable":true,"href":"https:\/\/www.encontrasaoluisma.com.br\/sobre\/wp-json\/wp\/v2\/tags?post=3451"}],"curies":[{"name":"wp","href":"https:\/\/api.w.org\/{rel}","templated":true}]}}