{"id":3459,"date":"2026-04-28T08:03:52","date_gmt":"2026-04-28T08:03:52","guid":{"rendered":"https:\/\/www.encontrasaoluisma.com.br\/sobre\/sao-luis-registra-mais-de-900-notificacoes-de-sindrome-respiratoria-e-preocupa-especialistas\/"},"modified":"2026-04-28T08:03:52","modified_gmt":"2026-04-28T08:03:52","slug":"sao-luis-registra-mais-de-900-notificacoes-de-sindrome-respiratoria-e-preocupa-especialistas","status":"publish","type":"post","link":"https:\/\/www.encontrasaoluisma.com.br\/sobre\/sao-luis-registra-mais-de-900-notificacoes-de-sindrome-respiratoria-e-preocupa-especialistas\/","title":{"rendered":"S\u00e3o Lu\u00eds registra mais de 900 notifica\u00e7\u00f5es de s\u00edndrome respirat\u00f3ria e preocupa especialistas"},"content":{"rendered":"<div class=\"b2725ec362a26ac90450d31a667f90fe\" data-index=\"1\" style=\"float: none; margin:0px;\">\n<!-- Anuncio display - global -->\r\n<ins class=\"adsbygoogle\"\r\n     style=\"display:block\"\r\n     data-ad-client=\"ca-pub-8585364105181520\"\r\n     data-ad-slot=\"8789329856\"\r\n     data-ad-format=\"auto\"\r\n     data-full-width-responsive=\"true\"><\/ins>\r\n<script>\r\n     (adsbygoogle = window.adsbygoogle || []).push({});\r\n<\/script>\n<\/div>\n<h2>O que est\u00e1 acontecendo em S\u00e3o Lu\u00eds?<\/h2>\n<p>Atualmente, S\u00e3o Lu\u00eds enfrenta uma crescente preocupa\u00e7\u00e3o em rela\u00e7\u00e3o \u00e0 sa\u00fade p\u00fablica. O n\u00famero de notifica\u00e7\u00f5es sobre s\u00edndromes respirat\u00f3rias superou 900, levando a um estado de alerta entre autoridades e especialistas. O aumento acentuado dos casos entre crian\u00e7as \u00e9 especialmente alarmante, j\u00e1 que muitos desses pequenos ainda est\u00e3o com seus sistemas imunol\u00f3gicos em desenvolvimento, o que os torna mais suscet\u00edveis a complica\u00e7\u00f5es s\u00e9rias.<\/p>\n<h2>Crian\u00e7as como Grupo de Risco<\/h2>\n<p>As crian\u00e7as, particularmente as mais novas, est\u00e3o em uma situa\u00e7\u00e3o vulner\u00e1vel. De acordo com dados recentes, muitos casos de s\u00edndromes respirat\u00f3rias ocorrem em crian\u00e7as abaixo de 5 anos, destacando a necessidade de cuidados adicionais. A s\u00edndrome respirat\u00f3ria aguda grave (SRAG) \u00e9 uma condi\u00e7\u00e3o preocupante, podendo ser provocada por v\u00edrus, como o sincicial respirat\u00f3rio, que \u00e9 especialmente prejudicial nesta faixa et\u00e1ria.<\/p>\n<h2>A Situa\u00e7\u00e3o nos Hospitais Locais<\/h2>\n<p>Os hospitais de emerg\u00eancia em S\u00e3o Lu\u00eds est\u00e3o enfrentando uma sobrecarga de pacientes. Com mais de 900 notifica\u00e7\u00f5es, as unidades de sa\u00fade est\u00e3o em estado cr\u00edtico, exigindo que os profissionais de sa\u00fade trabalhem arduamente para atender a demanda. Esse aumento substancial nos atendimentos \u00e9 um sinal claro da gravidade da situa\u00e7\u00e3o. O impacto \u00e9 evidente n\u00e3o apenas na sa\u00fade f\u00edsica das crian\u00e7as, mas tamb\u00e9m nas opera\u00e7\u00f5es dos servi\u00e7os de sa\u00fade.<\/p>\n<p><img decoding=\"async\" src=\"https:\/\/www.encontrasaoluisma.com.br\/sobre\/wp-content\/uploads\/2026\/04\/sao-luis-registra-mais-de-900-notificacoes-de-sindrome-respiratoria-e-preocupa-especialistas.webp\" alt=\"s\u00edndrome respirat\u00f3ria\" loading=\"lazy\" \/><\/p>\n<h2>O Papel da Fiocruz no Monitoramento<\/h2>\n<p>A Funda\u00e7\u00e3o Oswaldo Cruz (Fiocruz) desempenha um papel crucial na vigil\u00e2ncia epidemiol\u00f3gica. O boletim InfoGripe, publicado por eles, tem fornecido informa\u00e7\u00f5es vitais sobre a situa\u00e7\u00e3o das s\u00edndromes respirat\u00f3rias. Segundo seus dados mais recentes, a capital permanece em n\u00edvel alto de risco, com tend\u00eancias de crescimento que superam 95% a longo prazo.<\/p>\n<h2>Principais Sintomas da S\u00edndrome Respirat\u00f3ria<\/h2>\n<p>Os sintomas mais comuns da s\u00edndromes respirat\u00f3rias incluem:<\/p>\n<ul>\n<li>Tosse seca;<\/li>\n<li>Cansa\u00e7o excessivo;<\/li>\n<li>Dificuldade em respirar;<\/li>\n<li>Configura\u00e7\u00e3o de secre\u00e7\u00f5es nasais;<\/li>\n<li>Falta de apetite em crian\u00e7as.<\/li>\n<\/ul>\n<p>Identificar esses sintomas precocemente \u00e9 fundamental para a interven\u00e7\u00e3o adequada e para evitar complica\u00e7\u00f5es mais graves.<\/p>\n<h2>Causas do Aumento de Casos<\/h2>\n<p>Dentre os fatores que t\u00eam contribu\u00eddo para o aumento dos casos de s\u00edndromes respirat\u00f3rias, alguns se destacam:<\/p>\n<ul>\n<li><strong>Per\u00edodo Chuvoso:<\/strong> A maior incid\u00eancia de chuvas durante esta \u00e9poca do ano favorece um clima frio, que pode predispor as pessoas a infe\u00e7\u00f5es respirat\u00f3rias.<\/li>\n<li><strong>Agolma\u00e7\u00f5es:<\/strong> O p\u00f3s-Carnaval trouxe uma s\u00e9rie de eventos que resultaram em grandes aglomera\u00e7\u00f5es, facilitando a propaga\u00e7\u00e3o de v\u00edrus.<\/li>\n<li><strong>Invernos mais rigorosos:<\/strong> Climas mais frios podem afetar a sa\u00fade das crian\u00e7as e dos idosos, os quais s\u00e3o mais vulner\u00e1veis.<\/li>\n<\/ul>\n<h2>Orienta\u00e7\u00f5es de Preven\u00e7\u00e3o para Pais<\/h2>\n<p>Os pais devem tomar uma s\u00e9rie de precau\u00e7\u00f5es para proteger seus filhos. Algumas orienta\u00e7\u00f5es importantes incluem:<\/p>\n<ul>\n<li><strong>Manter a vacina\u00e7\u00e3o em dia:<\/strong> As vacinas s\u00e3o fundamentais para prevenir doen\u00e7as respirat\u00f3rias.<\/li>\n<li><strong>Evitar locais com aglomera\u00e7\u00f5es:<\/strong> Reduzir a exposi\u00e7\u00e3o a multid\u00f5es ajuda a limitar o risco de infec\u00e7\u00f5es.<\/li>\n<li><strong>Priorizar ambientes ventilados:<\/strong> Locais arejados promovem uma melhor circula\u00e7\u00e3o do ar.<\/li>\n<li><strong>Uso de m\u00e1scara:<\/strong> A utiliza\u00e7\u00e3o de m\u00e1scaras pode ser uma barreira eficaz contra a dissemina\u00e7\u00e3o viral.<\/li>\n<li><strong>Higiene regular:<\/strong> Manter uma boa higiene das m\u00e3os \u00e9 essencial para prevenir a contamina\u00e7\u00e3o.<\/li>\n<li><strong>Evitar contato com indiv\u00edduos doentes:<\/strong> Afastar-se de pessoas que apresentem sintomas respirat\u00f3rios \u00e9 crucial.<\/li>\n<\/ul>\n<h2>Import\u00e2ncia da Vacina\u00e7\u00e3o em Crian\u00e7as<\/h2>\n<p>A vacina\u00e7\u00e3o desempenha um papel vital na sa\u00fade p\u00fablica. Para as crian\u00e7as, isso \u00e9 ainda mais cr\u00edtico, uma vez que muitos n\u00e3o t\u00eam idade suficiente para serem imunizados contra v\u00e1rias doen\u00e7as virais. A vacina\u00e7\u00e3o n\u00e3o apenas protege o indiv\u00edduo, mas tamb\u00e9m ajuda a construir a chamada &#8220;imunidade de rebanho&#8221;, que protege a comunidade como um todo ao impedir a propaga\u00e7\u00e3o de doen\u00e7as.<\/p>\n<h2>Impacto do Clima na Sa\u00fade Respirat\u00f3ria<\/h2>\n<p>O clima tem um impacto significativo na sa\u00fade respirat\u00f3ria, especialmente em regi\u00f5es onde diferen\u00e7as sazonais podem causar aumentos nas infec\u00e7\u00f5es respirat\u00f3rias. A combina\u00e7\u00e3o de umidade e temperaturas mais baixas pode criar um ambiente prop\u00edcio para a propaga\u00e7\u00e3o de v\u00edrus. Durante per\u00edodos chuvosos, \u00e9 aconselh\u00e1vel que os pais mantenham seus filhos em ambientes mais controlados e aquecidos.<\/p>\n<h2>Como a Comunidade Pode Ajudar<\/h2>\n<p>A comunidade tamb\u00e9m desempenha um papel essencial na mitiga\u00e7\u00e3o das s\u00edndromes respirat\u00f3rias. Iniciativas como:<\/p>\n<ul>\n<li><strong>Campanhas de conscientiza\u00e7\u00e3o:<\/strong> Educando os membros da comunidade sobre os riscos e medidas de preven\u00e7\u00e3o que podem ser tomadas.<\/li>\n<li><strong>Apoio \u00e0 vacina\u00e7\u00e3o:<\/strong> Incentivar a participa\u00e7\u00e3o em campanhas de vacina\u00e7\u00e3o.<\/li>\n<li><strong>Cria\u00e7\u00e3o de espa\u00e7os seguros:<\/strong> Promover eventos comunit\u00e1rios em ambientes arejados para evitar a aglomera\u00e7\u00e3o.<\/li>\n<\/ul>\n<p>Trabalhar em conjunto pode ajudar a limitar a dissemina\u00e7\u00e3o de doen\u00e7as e proteger o bem-estar da popula\u00e7\u00e3o, especialmente a dos mais vulner\u00e1veis.<\/p>\n\n<div style=\"font-size: 0px; height: 0px; line-height: 0px; margin: 0; padding: 0; clear: both;\"><\/div>","protected":false},"excerpt":{"rendered":"<p>S\u00e3o Lu\u00eds relatou um alarmante aumento nas notifica\u00e7\u00f5es de s\u00edndrome respirat\u00f3ria entre crian\u00e7as.<\/p>\n","protected":false},"author":1,"featured_media":3458,"comment_status":"closed","ping_status":"closed","sticky":false,"template":"","format":"standard","meta":{"footnotes":""},"categories":[1],"tags":[],"class_list":["post-3459","post","type-post","status-publish","format-standard","has-post-thumbnail","hentry","category-concursos-em-sao-luis","has_thumb"],"_links":{"self":[{"href":"https:\/\/www.encontrasaoluisma.com.br\/sobre\/wp-json\/wp\/v2\/posts\/3459","targetHints":{"allow":["GET"]}}],"collection":[{"href":"https:\/\/www.encontrasaoluisma.com.br\/sobre\/wp-json\/wp\/v2\/posts"}],"about":[{"href":"https:\/\/www.encontrasaoluisma.com.br\/sobre\/wp-json\/wp\/v2\/types\/post"}],"author":[{"embeddable":true,"href":"https:\/\/www.encontrasaoluisma.com.br\/sobre\/wp-json\/wp\/v2\/users\/1"}],"replies":[{"embeddable":true,"href":"https:\/\/www.encontrasaoluisma.com.br\/sobre\/wp-json\/wp\/v2\/comments?post=3459"}],"version-history":[{"count":0,"href":"https:\/\/www.encontrasaoluisma.com.br\/sobre\/wp-json\/wp\/v2\/posts\/3459\/revisions"}],"wp:featuredmedia":[{"embeddable":true,"href":"https:\/\/www.encontrasaoluisma.com.br\/sobre\/wp-json\/wp\/v2\/media\/3458"}],"wp:attachment":[{"href":"https:\/\/www.encontrasaoluisma.com.br\/sobre\/wp-json\/wp\/v2\/media?parent=3459"}],"wp:term":[{"taxonomy":"category","embeddable":true,"href":"https:\/\/www.encontrasaoluisma.com.br\/sobre\/wp-json\/wp\/v2\/categories?post=3459"},{"taxonomy":"post_tag","embeddable":true,"href":"https:\/\/www.encontrasaoluisma.com.br\/sobre\/wp-json\/wp\/v2\/tags?post=3459"}],"curies":[{"name":"wp","href":"https:\/\/api.w.org\/{rel}","templated":true}]}}