{"id":3461,"date":"2026-04-29T08:02:23","date_gmt":"2026-04-29T08:02:23","guid":{"rendered":"https:\/\/www.encontrasaoluisma.com.br\/sobre\/mp-aciona-justica-para-suspender-contrato-do-consorcio-via-sl-em-sao-luis\/"},"modified":"2026-04-29T08:02:23","modified_gmt":"2026-04-29T08:02:23","slug":"mp-aciona-justica-para-suspender-contrato-do-consorcio-via-sl-em-sao-luis","status":"publish","type":"post","link":"https:\/\/www.encontrasaoluisma.com.br\/sobre\/mp-aciona-justica-para-suspender-contrato-do-consorcio-via-sl-em-sao-luis\/","title":{"rendered":"MP aciona Justi\u00e7a para suspender contrato do Cons\u00f3rcio Via SL em S\u00e3o Lu\u00eds"},"content":{"rendered":"<div class=\"b2725ec362a26ac90450d31a667f90fe\" data-index=\"1\" style=\"float: none; margin:0px;\">\n<!-- Anuncio display - global -->\r\n<ins class=\"adsbygoogle\"\r\n     style=\"display:block\"\r\n     data-ad-client=\"ca-pub-8585364105181520\"\r\n     data-ad-slot=\"8789329856\"\r\n     data-ad-format=\"auto\"\r\n     data-full-width-responsive=\"true\"><\/ins>\r\n<script>\r\n     (adsbygoogle = window.adsbygoogle || []).push({});\r\n<\/script>\n<\/div>\n<h2>Contexto da A\u00e7\u00e3o do Minist\u00e9rio P\u00fablico<\/h2>\n<p>No dia 31 de mar\u00e7o de 2026, o Minist\u00e9rio P\u00fablico do Maranh\u00e3o (MPMA) ingressou com uma a\u00e7\u00e3o civil p\u00fablica visando a suspens\u00e3o imediata do contrato do Cons\u00f3rcio Via SL. Este cons\u00f3rcio \u00e9 respons\u00e1vel por uma parte significativa do transporte p\u00fablico em S\u00e3o Lu\u00eds. A medida foi tomada em decorr\u00eancia de s\u00e9rias falhas na presta\u00e7\u00e3o dos servi\u00e7os de transporte, que geraram um quadro alarmante de colapso operacional e financeiro.<\/p>\n<h2>Problemas no Transporte P\u00fablico de S\u00e3o Lu\u00eds<\/h2>\n<p>A situa\u00e7\u00e3o do transporte p\u00fablico na capital maranhense deteriorou-se a ponto de o MPMA identificar diversas irregularidades, incluindo uma incapacidade completa do cons\u00f3rcio em manter a regularidade do servi\u00e7o. Esse colapso operacional resultou em uma s\u00e9rie de greves ocorridas entre os trabalhadores rodovi\u00e1rios, culminando na paralisa\u00e7\u00e3o total das atividades da empresa Expresso Rei de Fran\u00e7a, uma das integrantes do Cons\u00f3rcio Via SL.<\/p>\n<h2>Dificuldades Financeiras do Cons\u00f3rcio Via SL<\/h2>\n<p>As dificuldades financeiras do cons\u00f3rcio n\u00e3o s\u00e3o recentes, datando de novembro de 2025. O MPMA revelou que atrasos nos pagamentos de sal\u00e1rios, planos de sa\u00fade e t\u00edquetes de alimenta\u00e7\u00e3o t\u00eam agravado a crise. Al\u00e9m disso, a situa\u00e7\u00e3o foi ainda mais criticada ap\u00f3s a demiss\u00e3o em massa de funcion\u00e1rios e a perda de 52 \u00f4nibus devido a um processo de reintegra\u00e7\u00e3o de posse. Essas condi\u00e7\u00f5es nada favor\u00e1veis levaram o cons\u00f3rcio a um estado de gest\u00e3o disruptiva, marcada por poss\u00edveis ilegalidades, como a presen\u00e7a de s\u00f3cios ocultos e confus\u00e3o patrimonial entre empresas.<\/p>\n<p><img decoding=\"async\" src=\"https:\/\/www.encontrasaoluisma.com.br\/sobre\/wp-content\/uploads\/2026\/04\/mp-aciona-justica-para-suspender-contrato-do-consorcio-via-sl-em-sao-luis.webp\" alt=\"suspens\u00e3o do contrato do Cons\u00f3rcio Via SL\" loading=\"lazy\" \/><\/p>\n<h2>Impacto nos Passageiros e na Mobilidade<\/h2>\n<p>A paralisa\u00e7\u00e3o e a gest\u00e3o ineficaz do transporte p\u00fablico afetaram aproximadamente 50 mil passageiros, impactando diretamente a mobilidade de diversas comunidades em pelo menos 15 bairros de S\u00e3o Lu\u00eds. Os moradores de \u00e1reas como Ipem Turu, Parque Vit\u00f3ria, Cohatrac e Tibiri, entre outros, enfrentam desafios di\u00e1rios para se locomover na cidade, resultando em preju\u00edzos significativos n\u00e3o apenas no cotidiano da popula\u00e7\u00e3o, mas tamb\u00e9m no funcionamento geral da capital.<\/p>\n<h2>Pedido de Suspens\u00e3o do Contrato<\/h2>\n<p>Com base na an\u00e1lise dos dados e evid\u00eancias coletadas, a promotora de Justi\u00e7a L\u00edtia Cavalcanti solicitou que a Justi\u00e7a interrompa o contrato de concess\u00e3o n\u00ba 020\/2026, pertinente ao Lote II do Cons\u00f3rcio Via SL. Nessa a\u00e7\u00e3o, o MPMA requer que a Justi\u00e7a determine que, em at\u00e9 48 horas ap\u00f3s a interrup\u00e7\u00e3o dos servi\u00e7os, o Munic\u00edpio de S\u00e3o Lu\u00eds permita a entrada de novas empresas para operar as linhas afetadas, assegurando a continuidade do transporte p\u00fablico.<\/p>\n<h2>Consequ\u00eancias Legais da A\u00e7\u00e3o do MP<\/h2>\n<p>Al\u00e9m do pedido inicial para a suspens\u00e3o do contrato, a a\u00e7\u00e3o civil p\u00fablica tamb\u00e9m busca a abertura de um processo administrativo com a inten\u00e7\u00e3o de declarar a caducidade da concess\u00e3o. Isso se justifica pelo descumprimento das obriga\u00e7\u00f5es contratuais e pela interrup\u00e7\u00e3o das opera\u00e7\u00f5es, podendo resultar na aplica\u00e7\u00e3o de multas di\u00e1rias que podem chegar a R$ 10 mil, caso o contrato n\u00e3o seja cumprido.<\/p>\n<h2>Possibilidade de Novas Empresas no Transporte<\/h2>\n<p>Com a interven\u00e7\u00e3o do MPMA, h\u00e1 uma expectativa de que novas empresas possam entrar em opera\u00e7\u00e3o para fornecer o servi\u00e7o de transporte p\u00fablico em S\u00e3o Lu\u00eds. Esse movimento visa garantir a continuidade do atendimento \u00e0 popula\u00e7\u00e3o e melhorar a qualidade do transporte dispon\u00edvel. A inser\u00e7\u00e3o de novas operadoras poderia auxiliar na recupera\u00e7\u00e3o da efici\u00eancia do sistema de mobilidade urbana.<\/p>\n<h2>Resposta do Munic\u00edpio de S\u00e3o Lu\u00eds<\/h2>\n<p>Embora j\u00e1 tenham sido feitas notifica\u00e7\u00f5es ao Munic\u00edpio de S\u00e3o Lu\u00eds sobre os problemas enfrentados no transporte p\u00fablico, n\u00e3o houve resposta satisfat\u00f3ria por parte da administra\u00e7\u00e3o municipal \u00e0s recomenda\u00e7\u00f5es apresentadas. Essa in\u00e9rcia levou o MPMA a levar a quest\u00e3o para a Justi\u00e7a, buscando agilidade nas medidas necess\u00e1rias para corrigir os rumos do transporte na capital.<\/p>\n<h2>Poss\u00edveis Mudan\u00e7as no Servi\u00e7o de Transporte<\/h2>\n<p>As poss\u00edveis mudan\u00e7as que podem surgir a partir da a\u00e7\u00e3o do MPMA incluem uma reestrutura\u00e7\u00e3o completa do servi\u00e7o de transporte oferecido em S\u00e3o Lu\u00eds. Isso pode se traduzir em uma nova abordagem nas opera\u00e7\u00f5es, gest\u00e3o mais transparente, e um foco maior na qualidade do atendimento ao cliente. Para o cidad\u00e3o, isso pode significar menos atrasos, melhorias nas condi\u00e7\u00f5es dos ve\u00edculos e um atendimento mais eficiente.<\/p>\n<h2>Futuro do Cons\u00f3rcio Via SL em S\u00e3o Lu\u00eds<\/h2>\n<p>O futuro do Cons\u00f3rcio Via SL agora depende das decis\u00f5es judiciais e das a\u00e7\u00f5es que ser\u00e3o tomadas a partir da interven\u00e7\u00e3o do MPMA. Se a suspens\u00e3o do contrato for aceita e novas empresas forem autorizadas a operar, o cons\u00f3rcio poder\u00e1 enfrentar um encerramento de suas atividades em S\u00e3o Lu\u00eds. A popula\u00e7\u00e3o aguarda ansiosa por solu\u00e7\u00f5es que tragam de volta a confian\u00e7a no transporte p\u00fablico da capital.<\/p>\n\n<div style=\"font-size: 0px; height: 0px; line-height: 0px; margin: 0; padding: 0; clear: both;\"><\/div>","protected":false},"excerpt":{"rendered":"<p>MP aciona justi\u00e7a para suspender contrato do Cons\u00f3rcio Via SL em S\u00e3o Lu\u00eds, mudan\u00e7as no transporte p\u00fablico.<\/p>\n","protected":false},"author":1,"featured_media":3460,"comment_status":"closed","ping_status":"closed","sticky":false,"template":"","format":"standard","meta":{"footnotes":""},"categories":[1],"tags":[],"class_list":["post-3461","post","type-post","status-publish","format-standard","has-post-thumbnail","hentry","category-concursos-em-sao-luis","has_thumb"],"_links":{"self":[{"href":"https:\/\/www.encontrasaoluisma.com.br\/sobre\/wp-json\/wp\/v2\/posts\/3461","targetHints":{"allow":["GET"]}}],"collection":[{"href":"https:\/\/www.encontrasaoluisma.com.br\/sobre\/wp-json\/wp\/v2\/posts"}],"about":[{"href":"https:\/\/www.encontrasaoluisma.com.br\/sobre\/wp-json\/wp\/v2\/types\/post"}],"author":[{"embeddable":true,"href":"https:\/\/www.encontrasaoluisma.com.br\/sobre\/wp-json\/wp\/v2\/users\/1"}],"replies":[{"embeddable":true,"href":"https:\/\/www.encontrasaoluisma.com.br\/sobre\/wp-json\/wp\/v2\/comments?post=3461"}],"version-history":[{"count":0,"href":"https:\/\/www.encontrasaoluisma.com.br\/sobre\/wp-json\/wp\/v2\/posts\/3461\/revisions"}],"wp:featuredmedia":[{"embeddable":true,"href":"https:\/\/www.encontrasaoluisma.com.br\/sobre\/wp-json\/wp\/v2\/media\/3460"}],"wp:attachment":[{"href":"https:\/\/www.encontrasaoluisma.com.br\/sobre\/wp-json\/wp\/v2\/media?parent=3461"}],"wp:term":[{"taxonomy":"category","embeddable":true,"href":"https:\/\/www.encontrasaoluisma.com.br\/sobre\/wp-json\/wp\/v2\/categories?post=3461"},{"taxonomy":"post_tag","embeddable":true,"href":"https:\/\/www.encontrasaoluisma.com.br\/sobre\/wp-json\/wp\/v2\/tags?post=3461"}],"curies":[{"name":"wp","href":"https:\/\/api.w.org\/{rel}","templated":true}]}}