{"id":3473,"date":"2026-05-01T07:55:52","date_gmt":"2026-05-01T07:55:52","guid":{"rendered":"https:\/\/www.encontrasaoluisma.com.br\/sobre\/sao-luis-recebe-iv-seminario-sobre-reforma-tributaria-com-foco-em-pratica-e-estrategia-para-a-classe-contabil-da-regiao-metropolitana\/"},"modified":"2026-05-01T07:55:52","modified_gmt":"2026-05-01T07:55:52","slug":"sao-luis-recebe-iv-seminario-sobre-reforma-tributaria-com-foco-em-pratica-e-estrategia-para-a-classe-contabil-da-regiao-metropolitana","status":"publish","type":"post","link":"https:\/\/www.encontrasaoluisma.com.br\/sobre\/sao-luis-recebe-iv-seminario-sobre-reforma-tributaria-com-foco-em-pratica-e-estrategia-para-a-classe-contabil-da-regiao-metropolitana\/","title":{"rendered":"S\u00e3o Lu\u00eds recebe IV Semin\u00e1rio sobre Reforma Tribut\u00e1ria com foco em pr\u00e1tica e estrat\u00e9gia para a classe cont\u00e1bil da Regi\u00e3o Metropolitana"},"content":{"rendered":"<div class=\"b2725ec362a26ac90450d31a667f90fe\" data-index=\"1\" style=\"float: none; margin:0px;\">\n<!-- Anuncio display - global -->\r\n<ins class=\"adsbygoogle\"\r\n     style=\"display:block\"\r\n     data-ad-client=\"ca-pub-8585364105181520\"\r\n     data-ad-slot=\"8789329856\"\r\n     data-ad-format=\"auto\"\r\n     data-full-width-responsive=\"true\"><\/ins>\r\n<script>\r\n     (adsbygoogle = window.adsbygoogle || []).push({});\r\n<\/script>\n<\/div>\n<h2>Entenda os Objetivos do IV Semin\u00e1rio<\/h2>\n<p>No dia 29 de abril, a cidade de S\u00e3o Lu\u00eds ser\u00e1 o palco do <strong>IV Semin\u00e1rio Reforma Tribut\u00e1ria: Atualiza\u00e7\u00e3o, Pr\u00e1tica e Estrat\u00e9gia<\/strong>, organizado pelo Conselho Regional de Contabilidade do Maranh\u00e3o (CRCMA). Este evento visa aprofundar o entendimento sobre as mudan\u00e7as tribut\u00e1rias que est\u00e3o acontecendo no Brasil. A proposta central \u00e9 proporcionar um espa\u00e7o onde especialistas e profissionais da \u00e1rea cont\u00e1bil possam compartilhar conhecimentos, discutir experi\u00eancias e se atualizarem em rela\u00e7\u00e3o \u00e0s novas diretrizes que impactar\u00e3o suas pr\u00e1ticas di\u00e1rias.<\/p>\n<p>O semin\u00e1rio \u00e9 especialmente direcionado \u00e0 classe cont\u00e1bil da Regi\u00e3o Metropolitana, mas tamb\u00e9m \u00e9 aberto a empres\u00e1rios e demais interessados no tema. A partir de uma abordagem pr\u00e1tica, o evento pretende apresentar os principais pontos da reforma tribut\u00e1ria, enfatizando os efeitos diretos que essas mudan\u00e7as ter\u00e3o tanto nos escrit\u00f3rios cont\u00e1beis quanto nas empresas.<\/p>\n<h2>Principais Temas a Serem Abordados<\/h2>\n<p>Durante o semin\u00e1rio, passar\u00e3o por uma an\u00e1lise detalhada os seguintes temas:<\/p>\n<p><img decoding=\"async\" src=\"https:\/\/www.encontrasaoluisma.com.br\/sobre\/wp-content\/uploads\/2026\/05\/sao-luis-recebe-iv-seminario-sobre-reforma-tributaria-com-foco-em-pratica-e-estrategia-para-a-classe.webp\" alt=\"Reforma Tribut\u00e1ria\" loading=\"lazy\" \/><\/p>\n<ul>\n<li><strong>Impacto da Reforma Tribut\u00e1ria na opera\u00e7\u00e3o das empresas:<\/strong> Compreender como as novas regras afetar\u00e3o a gest\u00e3o fiscal e tribut\u00e1ria.<\/li>\n<li><strong>Altera\u00e7\u00f5es nas legisla\u00e7\u00f5es fiscais:<\/strong> Discutir as atualiza\u00e7\u00f5es que foram promovidas e suas implica\u00e7\u00f5es pr\u00e1ticas.<\/li>\n<li><strong>Desafios e oportunidades na contabilidade:<\/strong> Identificar como a contabilidade pode se adaptar \u00e0s inova\u00e7\u00f5es e avan\u00e7os da reforma tribut\u00e1ria.<\/li>\n<li><strong>Estrat\u00e9gias para o futuro:<\/strong> Orienta\u00e7\u00f5es sobre como os profissionais podem se preparar para as mudan\u00e7as no cen\u00e1rio tribut\u00e1rio.<\/li>\n<\/ul>\n<h2>Quem Pode Participar do Evento?<\/h2>\n<p>O evento \u00e9 voltado para:<\/p>\n<ul>\n<li>Profissionais da contabilidade que desejam se atualizar.<\/li>\n<li>Empres\u00e1rios que buscam compreender melhor as novas obriga\u00e7\u00f5es tribut\u00e1rias.<\/li>\n<li>Estudantes de contabilidade e \u00e1reas afins.<\/li>\n<li>Qualquer pessoa interessada no tema tribut\u00e1rio e seu impacto no ambiente empresarial.<\/li>\n<\/ul>\n<p>\u00c9 uma excelente oportunidade para troca de informa\u00e7\u00f5es e networking, o que pode ser muito valioso para todos os participantes.<\/p>\n<h2>Import\u00e2ncia da Atualiza\u00e7\u00e3o Para Profissionais Cont\u00e1beis<\/h2>\n<p>Manter-se atualizado em um contexto de constantes mudan\u00e7as \u00e9 fundamental para os profissionais cont\u00e1beis. A reforma tribut\u00e1ria traz n\u00e3o apenas desafios, mas tamb\u00e9m oportunidades para inovar e aperfei\u00e7oar pr\u00e1ticas. O semin\u00e1rio oferece um ambiente prop\u00edcio para que os contadores se capacitem, revisem suas estrat\u00e9gias e compreendam como adaptar seus servi\u00e7os \u00e0s novas exig\u00eancias legais, garantindo assim a relev\u00e2ncia e efic\u00e1cia em suas atua\u00e7\u00f5es.<\/p>\n<h2>Como a Reforma Tribut\u00e1ria Afeta a Rotina das Empresas?<\/h2>\n<p>As transforma\u00e7\u00f5es trazidas pela reforma tribut\u00e1ria impactam diretamente a rotina de muitas empresas. Cada organiza\u00e7\u00e3o dever\u00e1 revisar e potencialmente readequar suas pr\u00e1ticas cont\u00e1beis e fiscais. Os novos regimes ou ajustes nas al\u00edquotas podem elevar ou reduzir custos operacionais, exigindo que as empresas se preparem. Esse semin\u00e1rio abordar\u00e1 as diretrizes sobre como as empresas podem se adequar \u00e0s mudan\u00e7as, minimizando o impacto financeiro e explorando oportunidades de otimiza\u00e7\u00e3o fiscal.<\/p>\n<h2>Detalhes sobre a Inscri\u00e7\u00e3o e Participa\u00e7\u00e3o<\/h2>\n<p>As inscri\u00e7\u00f5es para o semin\u00e1rio est\u00e3o abertas e podem ser realizadas por meio do <a href=\"https:\/\/www1.cfc.org.br\/sisweb\/SGEWebSgi\/View\/User\/login.aspx\">Sistema de Inscri\u00e7\u00f5es<\/a>. A realiza\u00e7\u00e3o do evento acontecer\u00e1 no Audit\u00f3rio da Faculdade Anhanguera, localizado em Turu, S\u00e3o Lu\u00eds, das 8h \u00e0s 13h30. A participa\u00e7\u00e3o requer a doa\u00e7\u00e3o de 1 kg de alimento n\u00e3o perec\u00edvel, o que torna a inscri\u00e7\u00e3o n\u00e3o apenas uma oportunidade de aprendizado, mas tamb\u00e9m um gesto de solidariedade.<\/p>\n<h2>A\u00e7\u00f5es Sociais Ligadas ao Evento<\/h2>\n<p>O semin\u00e1rio n\u00e3o foca apenas na discuss\u00e3o t\u00e9cnica, mas tamb\u00e9m h\u00e1 um forte componente social. As doa\u00e7\u00f5es coletadas durante o evento ser\u00e3o destinadas a iniciativas beneficentes, beneficiando pessoas que precisam de apoio em diversas comunidades. Isso demonstra o comprometimento do CRCMA com a responsabilidade social e o fortalecimento da cidadania.<\/p>\n<h2>Palestrantes e Contribui\u00e7\u00f5es para a Ind\u00fastria<\/h2>\n<p>O evento contar\u00e1 com a participa\u00e7\u00e3o de renomados palestrantes e especialistas no assunto, que compartilhar\u00e3o suas vis\u00f5es e an\u00e1lises sobre a reforma. A diversidade de t\u00f3picos e as experi\u00eancias apresentadas enriquecer\u00e3o a discuss\u00e3o e permitir\u00e3o um aprendizado profundo sobre a aplica\u00e7\u00e3o pr\u00e1tica das mudan\u00e7as tribut\u00e1rias nas organiza\u00e7\u00f5es.<\/p>\n<h2>Impactos das Mudan\u00e7as Tribut\u00e1rias no Mercado<\/h2>\n<p>A reforma tribut\u00e1ria representa uma transforma\u00e7\u00e3o significativa no cen\u00e1rio fiscal brasileiro. O semin\u00e1rio abordar\u00e1 como essas altera\u00e7\u00f5es podem gerar impactos em v\u00e1rias esferas. Discuss\u00f5es sobre como o mercado se adapta a essas modifica\u00e7\u00f5es e as propostas para mitigar riscos e potencializar oportunidades estar\u00e3o na pauta do dia. O conhecimento gerado por essas discuss\u00f5es servir\u00e1 como guia para contadores e gestores.<\/p>\n<h2>Conectando Profissionais: Networking no Semin\u00e1rio<\/h2>\n<p>Al\u00e9m das palestras e discuss\u00f5es, o semin\u00e1rio servir\u00e1 como uma plataforma de networking, possibilitando que profissionais se conectem, troquem experi\u00eancias e criem parcerias. No atual cen\u00e1rio empresarial, contar com uma rede de contatos pode ser um diferencial importante para a carreira de um contador e a competitividade de uma empresa.<\/p>\n\n<div style=\"font-size: 0px; height: 0px; line-height: 0px; margin: 0; padding: 0; clear: both;\"><\/div>","protected":false},"excerpt":{"rendered":"<p>Reforma Tribut\u00e1ria em foco no IV Semin\u00e1rio de S\u00e3o Lu\u00eds, evento essencial para contadores.<\/p>\n","protected":false},"author":1,"featured_media":3472,"comment_status":"closed","ping_status":"closed","sticky":false,"template":"","format":"standard","meta":{"footnotes":""},"categories":[1],"tags":[],"class_list":["post-3473","post","type-post","status-publish","format-standard","has-post-thumbnail","hentry","category-concursos-em-sao-luis","has_thumb"],"_links":{"self":[{"href":"https:\/\/www.encontrasaoluisma.com.br\/sobre\/wp-json\/wp\/v2\/posts\/3473","targetHints":{"allow":["GET"]}}],"collection":[{"href":"https:\/\/www.encontrasaoluisma.com.br\/sobre\/wp-json\/wp\/v2\/posts"}],"about":[{"href":"https:\/\/www.encontrasaoluisma.com.br\/sobre\/wp-json\/wp\/v2\/types\/post"}],"author":[{"embeddable":true,"href":"https:\/\/www.encontrasaoluisma.com.br\/sobre\/wp-json\/wp\/v2\/users\/1"}],"replies":[{"embeddable":true,"href":"https:\/\/www.encontrasaoluisma.com.br\/sobre\/wp-json\/wp\/v2\/comments?post=3473"}],"version-history":[{"count":0,"href":"https:\/\/www.encontrasaoluisma.com.br\/sobre\/wp-json\/wp\/v2\/posts\/3473\/revisions"}],"wp:featuredmedia":[{"embeddable":true,"href":"https:\/\/www.encontrasaoluisma.com.br\/sobre\/wp-json\/wp\/v2\/media\/3472"}],"wp:attachment":[{"href":"https:\/\/www.encontrasaoluisma.com.br\/sobre\/wp-json\/wp\/v2\/media?parent=3473"}],"wp:term":[{"taxonomy":"category","embeddable":true,"href":"https:\/\/www.encontrasaoluisma.com.br\/sobre\/wp-json\/wp\/v2\/categories?post=3473"},{"taxonomy":"post_tag","embeddable":true,"href":"https:\/\/www.encontrasaoluisma.com.br\/sobre\/wp-json\/wp\/v2\/tags?post=3473"}],"curies":[{"name":"wp","href":"https:\/\/api.w.org\/{rel}","templated":true}]}}