{"id":3477,"date":"2026-05-02T07:55:13","date_gmt":"2026-05-02T07:55:13","guid":{"rendered":"https:\/\/www.encontrasaoluisma.com.br\/sobre\/governo-federal-iphan-e-governo-do-maranhao-iniciam-obras-no-centro-historico-de-sao-luis\/"},"modified":"2026-05-02T07:55:13","modified_gmt":"2026-05-02T07:55:13","slug":"governo-federal-iphan-e-governo-do-maranhao-iniciam-obras-no-centro-historico-de-sao-luis","status":"publish","type":"post","link":"https:\/\/www.encontrasaoluisma.com.br\/sobre\/governo-federal-iphan-e-governo-do-maranhao-iniciam-obras-no-centro-historico-de-sao-luis\/","title":{"rendered":"Governo Federal, Iphan e Governo do Maranh\u00e3o iniciam obras no Centro Hist\u00f3rico de S\u00e3o Lu\u00eds"},"content":{"rendered":"<div class=\"b2725ec362a26ac90450d31a667f90fe\" data-index=\"1\" style=\"float: none; margin:0px;\">\n<!-- Anuncio display - global -->\r\n<ins class=\"adsbygoogle\"\r\n     style=\"display:block\"\r\n     data-ad-client=\"ca-pub-8585364105181520\"\r\n     data-ad-slot=\"8789329856\"\r\n     data-ad-format=\"auto\"\r\n     data-full-width-responsive=\"true\"><\/ins>\r\n<script>\r\n     (adsbygoogle = window.adsbygoogle || []).push({});\r\n<\/script>\n<\/div>\n<h2>A Relev\u00e2ncia do Centro Hist\u00f3rico<\/h2>\n<p>O <strong>Centro Hist\u00f3rico de S\u00e3o Lu\u00eds<\/strong>, no estado do Maranh\u00e3o, \u00e9 um local de extrema import\u00e2ncia cultural e hist\u00f3rica, reconhecido mundialmente. Este espa\u00e7o \u00e9 um verdadeiro tesouro arquitet\u00f4nico que retrata a rica heran\u00e7a colonial do Brasil, refletindo as influ\u00eancias de diferentes per\u00edodos hist\u00f3ricos e a diversidade cultural presente na regi\u00e3o. O reconhecimento da Unesco como <strong>Patrim\u00f4nio Mundial<\/strong> ressalta n\u00e3o apenas a sua beleza est\u00e9tica, mas tamb\u00e9m a sua relev\u00e2ncia cultural e social tanto para os moradores locais quanto para visitantes de todo o mundo.<\/p>\n<h2>Investimentos do Novo PAC<\/h2>\n<p>No \u00e2mbito do <strong>Novo PAC<\/strong> (Programa de Acelera\u00e7\u00e3o do Crescimento), o governo federal, em parceria com o estado do Maranh\u00e3o, anunciou um investimento significativo em iniciativas de restaura\u00e7\u00e3o e revitaliza\u00e7\u00e3o no Centro Hist\u00f3rico. O total de R$ 63,9 milh\u00f5es ser\u00e1 direcionado para a recupera\u00e7\u00e3o de dez edifica\u00e7\u00f5es, reconhecendo a necessidade de conserva\u00e7\u00e3o desse patrim\u00f4nio inestim\u00e1vel e a gera\u00e7\u00e3o de oportunidades para a comunidade.<\/p>\n<h2>Detalhes das Edifica\u00e7\u00f5es Restaura\u00e7\u00e3o<\/h2>\n<p>Dentre as edifica\u00e7\u00f5es que ser\u00e3o restauradas, destacam-se im\u00f3veis de valor hist\u00f3rico elevado, cada um com caracter\u00edsticas arquitet\u00f4nicas \u00fanicas. A lista das estruturas que passar\u00e3o por interven\u00e7\u00f5es inclui:<\/p>\n<p><img decoding=\"async\" src=\"https:\/\/www.encontrasaoluisma.com.br\/sobre\/wp-content\/uploads\/2026\/05\/governo-federal-iphan-e-governo-do-maranhao-iniciam-obras-no-centro-historico-de-sao-luis.webp\" alt=\"Centro Hist\u00f3rico de S\u00e3o Lu\u00eds\" loading=\"lazy\" \/><\/p>\n<ul>\n<li><strong>Sobrado da Rua Portugal n\u00ba 303<\/strong><\/li>\n<li><strong>Sobrado da Pra\u00e7a Ant\u00f4nio Lobo<\/strong><\/li>\n<li><strong>Sobrado Rua 14 de Julho<\/strong><\/li>\n<li><strong>Igreja de S\u00e3o Jo\u00e3o<\/strong><\/li>\n<li><strong>Igreja do Carmo<\/strong><\/li>\n<li><strong>Casar\u00e3o da Rua da Estrela n\u00ba 585<\/strong><\/li>\n<li><strong>Igreja de Santana<\/strong><\/li>\n<li><strong>Sobrado da Baronesa de S\u00e3o Bento<\/strong><\/li>\n<li><strong>Sobrado \u00e0 Rua de Nazar\u00e9 n\u00ba 135<\/strong><\/li>\n<li><strong>Pal\u00e1cio das L\u00e1grimas<\/strong><\/li>\n<\/ul>\n<p>Essas interven\u00e7\u00f5es contemplar\u00e3o atividades como restaura\u00e7\u00e3o estrutural, recupera\u00e7\u00e3o de fachadas e requalifica\u00e7\u00e3o dos espa\u00e7os internos, visando n\u00e3o apenas a preserva\u00e7\u00e3o, mas tamb\u00e9m a reativa\u00e7\u00e3o desses locais para novos usos sociais e culturais.<\/p>\n<h2>Cronograma das Obras<\/h2>\n<p>O cronograma das interven\u00e7\u00f5es varia conforme a complexidade de cada uma, com prazos de execu\u00e7\u00e3o entre 8 a 12 meses. Nesse per\u00edodo, o avan\u00e7o ser\u00e1 monitorado, garantindo que todas as etapas administrativas e t\u00e9cnicas sejam seguidas corretamente. Parte dos recursos j\u00e1 foi liberada, o que assegura que as obras comecem a todo vapor nas edifica\u00e7\u00f5es selecionadas.<\/p>\n<h2>Impacto Econ\u00f4mico das Restaura\u00e7\u00f5es<\/h2>\n<p>A recupera\u00e7\u00e3o do patrim\u00f4nio hist\u00f3rico n\u00e3o \u00e9 apenas uma quest\u00e3o de preserva\u00e7\u00e3o cultural. As obras no Centro Hist\u00f3rico de S\u00e3o Lu\u00eds visam tamb\u00e9m estimular a economia local. Espera-se um aumento no fluxo tur\u00edstico, o que gerar\u00e1 empregos e fomentar\u00e1 a atividade comercial na \u00e1rea, beneficiando comerciantes locais e promovendo a ocupa\u00e7\u00e3o qualificada dos espa\u00e7os urbanos. Al\u00e9m disso, a restaura\u00e7\u00e3o contribuir\u00e1 para revitalizar a identidade cultural da cidade.<\/p>\n<h2>Hist\u00f3ria e Cultura na Restaura\u00e7\u00e3o<\/h2>\n<p>Os projetos de restaura\u00e7\u00e3o n\u00e3o se limitam a aspectos f\u00edsicos. Eles buscam tamb\u00e9m incorporar elementos da rica hist\u00f3ria cultural de S\u00e3o Lu\u00eds. O incentivo a pr\u00e1ticas culturais locais, como a m\u00fasica e as artesanato, aliado \u00e0s novas fun\u00e7\u00f5es sociais dos im\u00f3veis, prop\u00f5e a constru\u00e7\u00e3o de um ambiente que respeite e promova a cultura local.<\/p>\n<h2>Compromisso com o Patrim\u00f4nio Cultural<\/h2>\n<p>O compromisso do <strong>Iphan<\/strong> e do governo federal com a preserva\u00e7\u00e3o do patrim\u00f4nio cultural \u00e9 evidente nas a\u00e7\u00f5es em curso. O presidente do Iphan, Deyvesson Gusm\u00e3o, destacou a import\u00e2ncia de preservar a mem\u00f3ria coletiva da popula\u00e7\u00e3o maranhense e a identifica\u00e7\u00e3o com sua hist\u00f3ria.<\/p>\n<h2>Parcerias e Colabora\u00e7\u00f5es<\/h2>\n<p>A realiza\u00e7\u00e3o dessas obras envolve n\u00e3o apenas o governo federal e estadual, mas tamb\u00e9m locais da sociedade civil. A participa\u00e7\u00e3o ativa da comunidade \u00e9 fundamental para o sucesso do projeto, sendo uma oportunidade para que os habitantes locais se tornem agentes de mudan\u00e7a em sua pr\u00f3pria cidade, promovendo o turismo e a cultura.<\/p>\n<h2>A Import\u00e2ncia do Turismo Cultural<\/h2>\n<p>O turismo cultural desempenha um papel vital na valoriza\u00e7\u00e3o do patrim\u00f4nio. \u00c0 medida que o Centro Hist\u00f3rico de S\u00e3o Lu\u00eds \u00e9 revitalizado, oportunidades para o turismo sustent\u00e1vel se expandem, permitindo que os visitantes experimentem a cultura local de forma direta. Isso inclui desde gastronomia at\u00e9 festivais e eventos culturais.<\/p>\n<h2>O Papel da Comunidade na Preserva\u00e7\u00e3o<\/h2>\n<p>A mobiliza\u00e7\u00e3o da comunidade \u00e9 crucial. Iniciativas de educa\u00e7\u00e3o patrimonial e eventos de sensibiliza\u00e7\u00e3o fomentam a conscientiza\u00e7\u00e3o sobre a import\u00e2ncia da preserva\u00e7\u00e3o do patrim\u00f4nio cultural. Quando os cidad\u00e3os se sentem conectados e valorizados em sua cultura, eles se tornam defensores naturais da preserva\u00e7\u00e3o.<\/p>\n<h2>Conclus\u00e3o<\/h2>\n<p>As obras no Centro Hist\u00f3rico de S\u00e3o Lu\u00eds n\u00e3o representam apenas a\u00e7\u00f5es de restaura\u00e7\u00e3o, mas um passo importante rumo \u00e0 valoriza\u00e7\u00e3o de uma rica heran\u00e7a cultural. Com o apoio da sociedade civil, do governo e das iniciativas de revitaliza\u00e7\u00e3o, o Centro Hist\u00f3rico n\u00e3o s\u00f3 se preservar\u00e1 como tamb\u00e9m se tornar\u00e1 um espa\u00e7o vibrante, pulsante de cultura e oportunidades para todos os cidad\u00e3os e visitantes.<\/p>\n\n<div style=\"font-size: 0px; height: 0px; line-height: 0px; margin: 0; padding: 0; clear: both;\"><\/div>","protected":false},"excerpt":{"rendered":"<p>Centro Hist\u00f3rico de S\u00e3o Lu\u00eds ganha obras de restaura\u00e7\u00e3o e investimentos significativos.<\/p>\n","protected":false},"author":1,"featured_media":3476,"comment_status":"closed","ping_status":"closed","sticky":false,"template":"","format":"standard","meta":{"footnotes":""},"categories":[1],"tags":[],"class_list":["post-3477","post","type-post","status-publish","format-standard","has-post-thumbnail","hentry","category-concursos-em-sao-luis","has_thumb"],"_links":{"self":[{"href":"https:\/\/www.encontrasaoluisma.com.br\/sobre\/wp-json\/wp\/v2\/posts\/3477","targetHints":{"allow":["GET"]}}],"collection":[{"href":"https:\/\/www.encontrasaoluisma.com.br\/sobre\/wp-json\/wp\/v2\/posts"}],"about":[{"href":"https:\/\/www.encontrasaoluisma.com.br\/sobre\/wp-json\/wp\/v2\/types\/post"}],"author":[{"embeddable":true,"href":"https:\/\/www.encontrasaoluisma.com.br\/sobre\/wp-json\/wp\/v2\/users\/1"}],"replies":[{"embeddable":true,"href":"https:\/\/www.encontrasaoluisma.com.br\/sobre\/wp-json\/wp\/v2\/comments?post=3477"}],"version-history":[{"count":0,"href":"https:\/\/www.encontrasaoluisma.com.br\/sobre\/wp-json\/wp\/v2\/posts\/3477\/revisions"}],"wp:featuredmedia":[{"embeddable":true,"href":"https:\/\/www.encontrasaoluisma.com.br\/sobre\/wp-json\/wp\/v2\/media\/3476"}],"wp:attachment":[{"href":"https:\/\/www.encontrasaoluisma.com.br\/sobre\/wp-json\/wp\/v2\/media?parent=3477"}],"wp:term":[{"taxonomy":"category","embeddable":true,"href":"https:\/\/www.encontrasaoluisma.com.br\/sobre\/wp-json\/wp\/v2\/categories?post=3477"},{"taxonomy":"post_tag","embeddable":true,"href":"https:\/\/www.encontrasaoluisma.com.br\/sobre\/wp-json\/wp\/v2\/tags?post=3477"}],"curies":[{"name":"wp","href":"https:\/\/api.w.org\/{rel}","templated":true}]}}