{"id":3483,"date":"2026-05-03T07:57:07","date_gmt":"2026-05-03T07:57:07","guid":{"rendered":"https:\/\/www.encontrasaoluisma.com.br\/sobre\/raimundo-penha-cobra-dialogo-da-secretaria-municipal-de-transito-e-transporte\/"},"modified":"2026-05-03T07:57:07","modified_gmt":"2026-05-03T07:57:07","slug":"raimundo-penha-cobra-dialogo-da-secretaria-municipal-de-transito-e-transporte","status":"publish","type":"post","link":"https:\/\/www.encontrasaoluisma.com.br\/sobre\/raimundo-penha-cobra-dialogo-da-secretaria-municipal-de-transito-e-transporte\/","title":{"rendered":"Raimundo Penha cobra di\u00e1logo da Secretaria Municipal de Tr\u00e2nsito e Transporte"},"content":{"rendered":"<div class=\"b2725ec362a26ac90450d31a667f90fe\" data-index=\"1\" style=\"float: none; margin:0px;\">\n<!-- Anuncio display - global -->\r\n<ins class=\"adsbygoogle\"\r\n     style=\"display:block\"\r\n     data-ad-client=\"ca-pub-8585364105181520\"\r\n     data-ad-slot=\"8789329856\"\r\n     data-ad-format=\"auto\"\r\n     data-full-width-responsive=\"true\"><\/ins>\r\n<script>\r\n     (adsbygoogle = window.adsbygoogle || []).push({});\r\n<\/script>\n<\/div>\n<h2>A situa\u00e7\u00e3o do transporte coletivo em S\u00e3o Lu\u00eds<\/h2>\n<p>O sistema de transporte coletivo em S\u00e3o Lu\u00eds enfrenta desafios significativos, que t\u00eam gerado preocupa\u00e7\u00f5es entre os cidad\u00e3os e autoridades locais. A falta de um gerenciamento eficiente, al\u00e9m de problemas estruturais e operacionais, resultam em uma situa\u00e7\u00e3o considerada por muitos como colapsada. A popula\u00e7\u00e3o sente os efeitos diretos dessa crise, refletindo na qualidade de vida e na mobilidade urbana.<\/p>\n<h2>As cobran\u00e7as de Raimundo Penha \u00e0 nova secret\u00e1ria<\/h2>\n<p>Durante uma sess\u00e3o na C\u00e2mara Municipal de S\u00e3o Lu\u00eds, o vereador Raimundo Penha (PDT) n\u00e3o hesitou em pressionar a nova secret\u00e1ria de Tr\u00e2nsito e Transporte, Manuella Oliveira Fernandes, por respostas relacionadas ao estado atual do transporte na cidade. Segundo Penha, as quest\u00f5es levantadas t\u00eam como objetivo encontrar solu\u00e7\u00f5es vi\u00e1veis para a mobilidade urbana. O vereador destacou a import\u00e2ncia de um di\u00e1logo aberto e cont\u00ednuo com a gestora, algo que tem faltado at\u00e9 o momento.<\/p>\n<h2>Problemas espec\u00edficos nos bairros de S\u00e3o Lu\u00eds<\/h2>\n<p>Entre os principais problemas discutidos, Raimundo Penha ressaltou:<\/p>\n<p><img decoding=\"async\" src=\"https:\/\/www.encontrasaoluisma.com.br\/sobre\/wp-content\/uploads\/2026\/05\/raimundo-penha-cobra-dialogo-da-secretaria-municipal-de-transito-e-transporte.webp\" alt=\"di\u00e1logo transporte coletivo\" loading=\"lazy\" \/><\/p>\n<ul>\n<li>A aus\u00eancia de uma nova licita\u00e7\u00e3o para o sistema de transporte, o que impede melhorias.<\/li>\n<li>A falta de informa\u00e7\u00e3o sobre os chamados &#8220;Rapid\u00e3o&#8221;, que suspenderam suas atividades sem qualquer aviso.<\/li>\n<li>A inexist\u00eancia de linhas de \u00f4nibus na Avenida Quarto Centen\u00e1rio, um ponto crucial de deslocamento.<\/li>\n<li>Um imbr\u00f3glio envolvendo o deslocamento de um abrigo no Parque dos Sabi\u00e1s, que tem causado conflito na comunidade.<\/li>\n<li>Cortes de linhas de \u00f4nibus na Camboa dos Frades, afetando a mobilidade dos moradores.<\/li>\n<\/ul>\n<h2>A import\u00e2ncia do di\u00e1logo entre a C\u00e2mara e a SMTT<\/h2>\n<p>A falta de di\u00e1logo entre a Secretaria Municipal de Tr\u00e2nsito e Transporte (SMTT) e a C\u00e2mara Municipal \u00e9 um dos pontos cr\u00edticos levantados por Penha. Ele enfatizou a dificuldade de acesso \u00e0 secret\u00e1ria, que por duas vezes n\u00e3o atendeu a convocat\u00f3rias, ampliando o desconforto entre as autoridades e a popula\u00e7\u00e3o. A comunica\u00e7\u00e3o eficaz \u00e9 essencial para que as demandas da sociedade sejam ouvidas e atendidas.<\/p>\n<h2>Impactos da crise do transporte na popula\u00e7\u00e3o ludovicense<\/h2>\n<p>A crise no transporte coletivo gera consequ\u00eancias s\u00e9rias para a popula\u00e7\u00e3o de S\u00e3o Lu\u00eds. A precariedade do servi\u00e7o afeta diretamente a rotina dos cidad\u00e3os, que dependem do transporte para trabalhar, estudar e realizar outras atividades. Com a tarifa sendo paga, os ludovicenses sentem-se desiludidos ao perceber que o servi\u00e7o n\u00e3o corresponde \u00e0s expectativas e necessidades b\u00e1sicas. Penha destacou que a situa\u00e7\u00e3o \u00e9 ainda mais cr\u00edtica para aqueles que enfrentam a falta de informa\u00e7\u00f5es e dados que sustentem a opera\u00e7\u00e3o do sistema.<\/p>\n<h2>Desafios enfrentados pela nova gest\u00e3o da SMTT<\/h2>\n<p>A nova gest\u00e3o da SMTT tem pela frente o desafio de reverter a percep\u00e7\u00e3o de colapso do sistema de transporte. A secret\u00e1ria Manuella Oliveira Fernandes precisa n\u00e3o apenas conhecer a fundo os problemas existentes, mas tamb\u00e9m estabelecer um plano de a\u00e7\u00e3o que priorize a transpar\u00eancia e a participa\u00e7\u00e3o popular. A resposta a essas quest\u00f5es \u00e9 fundamental para a retomada da confian\u00e7a da popula\u00e7\u00e3o no sistema.<\/p>\n<h2>A aus\u00eancia de novas licita\u00e7\u00f5es de transporte<\/h2>\n<p>Um dos pontos cr\u00edticos apontados pelo vereador \u00e9 a aus\u00eancia de novas licita\u00e7\u00f5es para o transporte na cidade. Um projeto aprovado h\u00e1 mais de um ano pela C\u00e2mara permite que a Prefeitura realize um novo certame, mas essa a\u00e7\u00e3o ainda n\u00e3o foi concretizada. A continuidade do contrato atual, sem competi\u00e7\u00f5es p\u00fablicas, alimenta problemas de qualidade na presta\u00e7\u00e3o dos servi\u00e7os e contribui para o descontentamento dos usu\u00e1rios.<\/p>\n<h2>Alternativas para solucionar a mobilidade urbana<\/h2>\n<p>\u00c9 primordial que solu\u00e7\u00f5es efetivas sejam rapidamente desenvolvidas. A participa\u00e7\u00e3o dos cidad\u00e3os nas discuss\u00f5es e decis\u00f5es sobre transporte pode trazer novas perspectivas e, talvez, algumas respostas inovadoras. O envolvimento da comunidade n\u00e3o apenas enriqueceria as propostas, mas tamb\u00e9m garantiria que estes fossem mais bem aceitos pelo p\u00fablico em geral.<\/p>\n<h2>O papel da sociedade na melhora do transporte<\/h2>\n<p>A sociedade tem um papel crucial na transforma\u00e7\u00e3o do sistema de transporte coletivo. A demanda por melhorias deve ser constante e articulada, permitindo que os gestores sintam a press\u00e3o para agir. Mobiliza\u00e7\u00f5es, audi\u00eancias p\u00fablicas e outros meios de comunica\u00e7\u00e3o podem ser utilizados para fortalecer a luta por um transporte mais eficiente e acess\u00edvel.<\/p>\n<h2>A necessidade de transpar\u00eancia nas a\u00e7\u00f5es da SMTT<\/h2>\n<p>A transpar\u00eancia nas a\u00e7\u00f5es da Secretaria Municipal de Tr\u00e2nsito e Transporte \u00e9 vital para garantir a confian\u00e7a da popula\u00e7\u00e3o. Os cidad\u00e3os merecem respostas claras sobre como as decis\u00f5es s\u00e3o tomadas e quais s\u00e3o os planos a curto e longo prazo para o transporte na cidade. Al\u00e9m disso, a presta\u00e7\u00e3o de contas deve ser uma pr\u00e1tica regular, mostrando que a SMTT se compromete com a melhoria do servi\u00e7o.<\/p>\n<h2>Conclus\u00e3o<\/h2>\n<p>A situa\u00e7\u00e3o do transporte coletivo em S\u00e3o Lu\u00eds demanda aten\u00e7\u00e3o redobrada e a\u00e7\u00e3o imediata. O di\u00e1logo entre a C\u00e2mara Municipal e a SMTT, assim como o envolvimento da sociedade nas decis\u00f5es, s\u00e3o fundamentais para promover as mudan\u00e7as necess\u00e1rias. O futuro do transporte na capital maranhense depende n\u00e3o s\u00f3 da gest\u00e3o, mas da colabora\u00e7\u00e3o entre todos os setores da sociedade.<\/p>\n\n<div style=\"font-size: 0px; height: 0px; line-height: 0px; margin: 0; padding: 0; clear: both;\"><\/div>","protected":false},"excerpt":{"rendered":"<p>Raimundo Penha exige respostas da Secretaria Municipal de Tr\u00e2nsito e Transporte sobre a crise no transporte coletivo.<\/p>\n","protected":false},"author":1,"featured_media":3482,"comment_status":"closed","ping_status":"closed","sticky":false,"template":"","format":"standard","meta":{"footnotes":""},"categories":[1],"tags":[],"class_list":["post-3483","post","type-post","status-publish","format-standard","has-post-thumbnail","hentry","category-concursos-em-sao-luis","has_thumb"],"_links":{"self":[{"href":"https:\/\/www.encontrasaoluisma.com.br\/sobre\/wp-json\/wp\/v2\/posts\/3483","targetHints":{"allow":["GET"]}}],"collection":[{"href":"https:\/\/www.encontrasaoluisma.com.br\/sobre\/wp-json\/wp\/v2\/posts"}],"about":[{"href":"https:\/\/www.encontrasaoluisma.com.br\/sobre\/wp-json\/wp\/v2\/types\/post"}],"author":[{"embeddable":true,"href":"https:\/\/www.encontrasaoluisma.com.br\/sobre\/wp-json\/wp\/v2\/users\/1"}],"replies":[{"embeddable":true,"href":"https:\/\/www.encontrasaoluisma.com.br\/sobre\/wp-json\/wp\/v2\/comments?post=3483"}],"version-history":[{"count":0,"href":"https:\/\/www.encontrasaoluisma.com.br\/sobre\/wp-json\/wp\/v2\/posts\/3483\/revisions"}],"wp:featuredmedia":[{"embeddable":true,"href":"https:\/\/www.encontrasaoluisma.com.br\/sobre\/wp-json\/wp\/v2\/media\/3482"}],"wp:attachment":[{"href":"https:\/\/www.encontrasaoluisma.com.br\/sobre\/wp-json\/wp\/v2\/media?parent=3483"}],"wp:term":[{"taxonomy":"category","embeddable":true,"href":"https:\/\/www.encontrasaoluisma.com.br\/sobre\/wp-json\/wp\/v2\/categories?post=3483"},{"taxonomy":"post_tag","embeddable":true,"href":"https:\/\/www.encontrasaoluisma.com.br\/sobre\/wp-json\/wp\/v2\/tags?post=3483"}],"curies":[{"name":"wp","href":"https:\/\/api.w.org\/{rel}","templated":true}]}}