{"id":462,"date":"2018-07-05T14:17:11","date_gmt":"2018-07-05T14:17:11","guid":{"rendered":"http:\/\/www.encontrasaoluisma.com.br\/sobre\/?p=462"},"modified":"2019-09-20T17:52:15","modified_gmt":"2019-09-20T17:52:15","slug":"ana-neri-sao-luis","status":"publish","type":"post","link":"https:\/\/www.encontrasaoluisma.com.br\/sobre\/ana-neri-sao-luis\/","title":{"rendered":"Ana Neri S\u00e3o Lu\u00eds"},"content":{"rendered":"<div class=\"b2725ec362a26ac90450d31a667f90fe\" data-index=\"1\" style=\"float: none; margin:0px;\">\n<!-- Anuncio display - global -->\r\n<ins class=\"adsbygoogle\"\r\n     style=\"display:block\"\r\n     data-ad-client=\"ca-pub-8585364105181520\"\r\n     data-ad-slot=\"8789329856\"\r\n     data-ad-format=\"auto\"\r\n     data-full-width-responsive=\"true\"><\/ins>\r\n<script>\r\n     (adsbygoogle = window.adsbygoogle || []).push({});\r\n<\/script>\n<\/div>\n<p>O Centro de Forma\u00e7\u00e3o de Enfermagem <strong>Ana Neri\u00a0 S\u00e3o Lu\u00eds<\/strong> foi fundado em 20 de abril de 1998, partindo da necessidade de um ensino contextualizado e interdisciplinar, voltado aos princ\u00edpios e valores presentes nas Diretrizes e Par\u00e2metros Curriculares da Educa\u00e7\u00e3o Nacional.<\/p>\n<p>O Ana Neri Educa\u00e7\u00e3o Profissional optou por uma metodologia problematizadora do processo de ensino-aprendizagem, na qual, atrav\u00e9s do di\u00e1logo, da discuss\u00e3o, da reflex\u00e3o, da pesquisa, de estudos de caso e de busca de solu\u00e7\u00f5es, o aluno encontra respostas para os problemas mais comuns do cotidiano profissional formando profissionais capacitados.<\/p>\n<p><img loading=\"lazy\" decoding=\"async\" class=\"alignnone wp-image-463 size-full\" title=\"Ana Neri S\u00e3o Luis\" src=\"http:\/\/www.encontrasaoluisma.com.br\/sobre\/wp-content\/uploads\/2018\/07\/ana-neri-sao-luis.gif\" alt=\"Ana Neri S\u00e3o Luis\" width=\"680\" height=\"189\" \/><\/p>\n<h2>Ana Neri\u00a0S\u00e3o Lu\u00eds\u00a0Proposta Pedag\u00f3gica<\/h2>\n<p>A miss\u00e3o do Ana Nery \u00e9 formar profissionais capacitados, conhecedores das bases tecnol\u00f3gicas e \u00e9ticas referentes \u00e0s suas \u00e1reas de atua\u00e7\u00e3o, dentro de uma perspectiva transformadora e utilizando-se da metodologia da problematiza\u00e7\u00e3o, na qual, atrav\u00e9s do di\u00e1logo, da discuss\u00e3o, da reflex\u00e3o, da pesquisa, de estudos de caso e de busca de solu\u00e7\u00f5es, o aluno encontra respostas para os problemas mais comuns do cotidiano profissional.<\/p>\n<p>O conhecimento adquirido pelo aluno, contextualizado na sua viv\u00eancia da realidade de trabalho, \u00e9 o ponto de partida para os di\u00e1logos componentes do processo ensino-aprendizagem. Desenvolver a habilidade de observa\u00e7\u00e3o do que est\u00e1 ao seu redor e projetar solu\u00e7\u00f5es individuais ou coletivas, constitui a n\u00e3o separa\u00e7\u00e3o entre transforma\u00e7\u00e3o individual e a\u00e7\u00e3o social.<\/p>\n<h3>Ana Neri S\u00e3o Lu\u00eds Cursos<\/h3>\n<p>O Ana Neri oferece os seguintes <em>cursos:<\/em><\/p>\n<ul>\n<li>T\u00e9cnico em An\u00e1lises Cl\u00ednicas<\/li>\n<li>T\u00e9cnico em Enfermagem<\/li>\n<li>T\u00e9cnico em Est\u00e9tica<\/li>\n<li>T\u00e9cnico em Meio Ambiente<\/li>\n<li>T\u00e9c. em Nutri\u00e7\u00e3o e Diet\u00e9tica<\/li>\n<li>T\u00e9cnico em Podologia<\/li>\n<li>T\u00e9cnico em Radiologia<\/li>\n<li>T\u00e9cnico em Seg. do Trabalho<\/li>\n<li>Especializa\u00e7\u00e3o em Enfermagem do Trabalho<\/li>\n<li>Atualiza\u00e7\u00e3o em Instrumenta\u00e7\u00e3o Cir\u00fargica<\/li>\n<li>T\u00e9cnico em Administra\u00e7\u00e3o<\/li>\n<li>T\u00e9cnico em Portos<\/li>\n<li>T\u00e9cnico em Edifica\u00e7\u00f5es<\/li>\n<li>T\u00e9cnico em RH<\/li>\n<li>T\u00e9cnico em Farm\u00e1cia<br \/>\n<h3><\/h3>\n<\/li>\n<\/ul>\n<h3>Ana Neri\u00a0S\u00e3o Lu\u00eds Pre\u00e7os<\/h3>\n<p>Os pre\u00e7os variam de acordo com os cursos\u00a0escolhidos. Voc\u00ea pode consulta-los acessando o Facebook ou site do local.<\/p>\n<h3>Vagas Ana Neri\u00a0S\u00e3o Lu\u00eds &#8211; Trabalhe Conosco<\/h3>\n<p>O Ana Neri S\u00e3o Lu\u00eds disponibiliza <em>vagas de trabalh<\/em>o durante todo ano. Para se informar sobre os processos seletivos e se candidatar as vagas acompanhe o site da empresa, onde \u00e9 poss\u00edvel se informar sobre vagas abertas, sal\u00e1rios e compet\u00eancias necess\u00e1rias para se candidatar ao processo.<\/p>\n<h3>Hor\u00e1rio de Funcionamento\u00a0Ana Neri\u00a0em S\u00e3o Lu\u00eds<\/h3>\n<ul>\n<li>Segunda a Sexta das 07h30 \u00e0s 22h \/ S\u00e1bado das 7h30 \u00e0s 12h<\/li>\n<\/ul>\n<h3>Endere\u00e7o e Telefone\u00a0Ana Neri\u00a0em S\u00e3o Lu\u00eds<\/h3>\n<ul>\n<li><strong>Centro:<\/strong> Rua Rio Branco, 14 &#8211;\u00a0Telefone: (98) 3312-2705<\/li>\n<li><strong>Cohab Anil:<\/strong>\u00a0R. Ana Santos, 09 &#8211; Telefone:\u00a0(98) 3312-6060<\/li>\n<\/ul>\n<h3>Outras informa\u00e7\u00f5es e site<\/h3>\n<ul>\n<li>Mais informa\u00e7\u00f5es:\u00a0<a href=\"http:\/\/www.ananerieducacao.com.br\/\" target=\"_blank\" rel=\"noopener noreferrer\">www.ananerieducacao.com.br<\/a><\/li>\n<\/ul>\n<h4>Mapa de localiza\u00e7\u00e3o Centro<\/h4>\n<a class=\"wp-colorbox-iframe\" href=\"https:\/\/www.google.com\/maps\/embed?pb=!1m18!1m12!1m3!1d3985.9443492943215!2d-44.298338085244076!3d-2.5250756981600513!2m3!1f0!2f0!3f0!3m2!1i1024!2i768!4f13.1!3m3!1m2!1s0x7f68eee09875fef0x60f0032bff11cbc6!2sRua+Rio+Branco+14+-+Centro+So+Lus+-+MA+65020-070!5e0!3m2!1spt-BR!2sbr!4v1530799918996\"><img decoding=\"async\" src=\"http:\/\/www.encontrasaoluisma.com.br\/imgs\/maps-post.png\"><\/a>\n\n<div style=\"font-size: 0px; height: 0px; line-height: 0px; margin: 0; padding: 0; clear: both;\"><\/div>","protected":false},"excerpt":{"rendered":"<p>O Centro de Forma\u00e7\u00e3o de Enfermagem Ana Neri\u00a0 S\u00e3o Lu\u00eds foi fundado em 20 de abril de 1998, partindo da necessidade de um ensino contextualizado e interdisciplinar, voltado aos princ\u00edpios e valores presentes nas Diretrizes e Par\u00e2metros Curriculares da Educa\u00e7\u00e3o Nacional. O Ana Neri Educa\u00e7\u00e3o Profissional optou por uma metodologia problematizadora do processo de ensino-aprendizagem, na qual, atrav\u00e9s do di\u00e1logo, da discuss\u00e3o, da reflex\u00e3o, da pesquisa, de estudos de caso e de busca de solu\u00e7\u00f5es, o aluno encontra respostas para os problemas mais comuns do cotidiano profissional formando profissionais capacitados. Ana Neri\u00a0S\u00e3o Lu\u00eds\u00a0Proposta Pedag\u00f3gica A miss\u00e3o do Ana Nery \u00e9 <\/p>\n","protected":false},"author":1,"featured_media":463,"comment_status":"open","ping_status":"closed","sticky":false,"template":"","format":"standard","meta":{"footnotes":""},"categories":[24],"tags":[],"class_list":["post-462","post","type-post","status-publish","format-standard","has-post-thumbnail","hentry","category-educacao-em-sao-luis","has_thumb"],"_links":{"self":[{"href":"https:\/\/www.encontrasaoluisma.com.br\/sobre\/wp-json\/wp\/v2\/posts\/462","targetHints":{"allow":["GET"]}}],"collection":[{"href":"https:\/\/www.encontrasaoluisma.com.br\/sobre\/wp-json\/wp\/v2\/posts"}],"about":[{"href":"https:\/\/www.encontrasaoluisma.com.br\/sobre\/wp-json\/wp\/v2\/types\/post"}],"author":[{"embeddable":true,"href":"https:\/\/www.encontrasaoluisma.com.br\/sobre\/wp-json\/wp\/v2\/users\/1"}],"replies":[{"embeddable":true,"href":"https:\/\/www.encontrasaoluisma.com.br\/sobre\/wp-json\/wp\/v2\/comments?post=462"}],"version-history":[{"count":5,"href":"https:\/\/www.encontrasaoluisma.com.br\/sobre\/wp-json\/wp\/v2\/posts\/462\/revisions"}],"predecessor-version":[{"id":2035,"href":"https:\/\/www.encontrasaoluisma.com.br\/sobre\/wp-json\/wp\/v2\/posts\/462\/revisions\/2035"}],"wp:featuredmedia":[{"embeddable":true,"href":"https:\/\/www.encontrasaoluisma.com.br\/sobre\/wp-json\/wp\/v2\/media\/463"}],"wp:attachment":[{"href":"https:\/\/www.encontrasaoluisma.com.br\/sobre\/wp-json\/wp\/v2\/media?parent=462"}],"wp:term":[{"taxonomy":"category","embeddable":true,"href":"https:\/\/www.encontrasaoluisma.com.br\/sobre\/wp-json\/wp\/v2\/categories?post=462"},{"taxonomy":"post_tag","embeddable":true,"href":"https:\/\/www.encontrasaoluisma.com.br\/sobre\/wp-json\/wp\/v2\/tags?post=462"}],"curies":[{"name":"wp","href":"https:\/\/api.w.org\/{rel}","templated":true}]}}