{"id":996,"date":"2018-08-28T13:11:50","date_gmt":"2018-08-28T13:11:50","guid":{"rendered":"http:\/\/www.encontrasaoluisma.com.br\/sobre\/?p=996"},"modified":"2019-11-25T15:41:33","modified_gmt":"2019-11-25T15:41:33","slug":"cedro-sao-luis","status":"publish","type":"post","link":"https:\/\/www.encontrasaoluisma.com.br\/sobre\/cedro-sao-luis\/","title":{"rendered":"Cedro S\u00e3o Luis"},"content":{"rendered":"<div class=\"b2725ec362a26ac90450d31a667f90fe\" data-index=\"1\" style=\"float: none; margin:0px;\">\n<!-- Anuncio display - global -->\r\n<ins class=\"adsbygoogle\"\r\n     style=\"display:block\"\r\n     data-ad-client=\"ca-pub-8585364105181520\"\r\n     data-ad-slot=\"8789329856\"\r\n     data-ad-format=\"auto\"\r\n     data-full-width-responsive=\"true\"><\/ins>\r\n<script>\r\n     (adsbygoogle = window.adsbygoogle || []).push({});\r\n<\/script>\n<\/div>\n<p>O Laborat\u00f3rio <strong>Cedro S\u00e3o Lu\u00eds<\/strong> foi fundado em 07 de janeiro de 1987\u00a0no Centro de S\u00e3o Luis. Surgiu com a iniciativa e trabalho de dois bioqu\u00edmicos &#8211; Dra. Ilma Fiquene Hachem e Dr. Elie Georges Hachem (m\u00e3e e filho). A partir de ent\u00e3o, as atividades de An\u00e1lises Cl\u00ednicas seguiram uma trajet\u00f3ria de confiabilidade e aten\u00e7\u00e3o diferenciada ao cliente e em pouco tempo, apesar de recente, estava entre os maiores laborat\u00f3rio do Maranh\u00e3o.<\/p>\n<p>Ao longo dos anos, os servi\u00e7os oferecidos se diversificaram, para atender \u00e0s necessidades e expectativas dos clientes, investindo sempre na linha de tecnologia de ponta, qualifica\u00e7\u00e3o de profissionais e respeito ao cliente, conferindo sucesso diferencial ao laborat\u00f3rio.<\/p>\n<p><img loading=\"lazy\" decoding=\"async\" class=\"alignnone wp-image-997 size-full\" title=\"Cedro S\u00e3o Luis\" src=\"http:\/\/www.encontrasaoluisma.com.br\/sobre\/wp-content\/uploads\/2018\/08\/cedro-sao-luis.gif\" alt=\"Cedro S\u00e3o Luis\" width=\"680\" height=\"189\" \/><\/p>\n<p>Hoje, conta com duas unidades laboratoriais &#8211; Matriz, no endere\u00e7o de origem, onde se realizam a maioria dos exames, e outra Hospitalar, na Avenida Carlos Cunha (UDI- Hospital), al\u00e9m de 20 postos de coleta distribu\u00eddos em pontos estrat\u00e9gicos, para dar comodidade aos seus clientes. Fazem parte dessa estrutura mais de 600 funcion\u00e1rios que participam continuamente de programas de treinamento, capacita\u00e7\u00e3o e avalia\u00e7\u00e3o de desempenho.<\/p>\n<h2>Cedro S\u00e3o Luis Resultado de Exames<\/h2>\n<p>Para visualizar os<em> resultados dos exames<\/em> acesse o site e utilize o login e senha que est\u00e3o em seu protocolo de exames.<\/p>\n<h3>Laborat\u00f3rio S\u00e3o Luis Coleto Domiciliar<\/h3>\n<p>Caso n\u00e3o possa se locomover at\u00e9 o laborat\u00f3rio, voc\u00ea pode solicitar a visita do t\u00e9cnico para coleta, mediante uma taxa m\u00ednima para deslocamento.\u00a0Mas \u00e9 preciso agendar o servi\u00e7o com, no m\u00ednimo, 24 horas de anteced\u00eancia.\u00a0O Laborat\u00f3rio Cedro disponibiliza este servi\u00e7o de <em>coleta domiciliar<\/em> para qualquer bairro de S\u00e3o Lu\u00eds-MA.<\/p>\n<h3>Vagas Cedro S\u00e3o Lu\u00eds &#8211; Trabalhe Conosco<\/h3>\n<p>Atitude, responsabilidade, resili\u00eancia, criatividade, comprometimento para resultado, e saber trabalhar em equipe s\u00e3o algumas compet\u00eancias necess\u00e1rias para fazer parte do time. Se voc\u00ea tem esse perfil e est\u00e1 em busca de oportunidades em uma empresa l\u00edder de mercado envie agora mesmo seu curr\u00edculo para a Cedro S\u00e3o Lu\u00eds.<\/p>\n<h3>Hor\u00e1rio de Funcionamento Cedro em S\u00e3o Lu\u00eds<\/h3>\n<ul>\n<li><strong>Centro:<\/strong> Segunda a Sexta das 06h \u00e0s 18h30 \/ S\u00e1bado das 06h30 \u00e0s 12h<\/li>\n<li><strong>J\u00f3rdoa:<\/strong> Segunda a Sexta das 06h \u00e0s 17h \/ S\u00e1bado das 06h30 \u00e0s 11h<\/li>\n<li><strong>Monte Castelo:<\/strong> Segunda a Sexta das 06h \u00e0s 17h \/ S\u00e1bado das 06h30 \u00e0s 11h<\/li>\n<li><strong>Bequim\u00e3o:<\/strong> Segunda a Sexta das 06h \u00e0s 17h \/ S\u00e1bado das 06h30 \u00e0s 11h<\/li>\n<li><strong>S\u00e3o Francisco: <\/strong>Segunda a Sexta das 06h \u00e0s 17h \/ S\u00e1bado das 06h30 \u00e0s 11h<\/li>\n<li><strong>Olho d \u00e1gua:<\/strong> Segunda a Sexta das 06h \u00e0s 17h \/ S\u00e1bado das 06h30 \u00e0s 11h<\/li>\n<li><strong>Calhau:\u00a0<\/strong>Segunda a Sexta das 06h \u00e0s 17h \/ S\u00e1bado das 06h30 \u00e0s 11h<\/li>\n<li><strong>Cohama:\u00a0<\/strong>Segunda a Sexta das 06h \u00e0s 17h \/ S\u00e1bado das 06h30 \u00e0s 11h<\/li>\n<li><strong>Jd Renascen\u00e7a:\u00a0<\/strong>Segunda a Sexta das 06h \u00e0s 17h \/ S\u00e1bado das 06h30 \u00e0s 11h<\/li>\n<\/ul>\n<h3>Endere\u00e7o e Telefone Cedro em S\u00e3o Lu\u00eds<\/h3>\n<ul>\n<li><strong>Centro:<\/strong> Av. Silva Maia, 81 &#8211;\u00a0Telefone: (98) 2107-0800<\/li>\n<li><strong>J\u00f3rdoa:\u00a0<\/strong>R. S\u00e3o Sebasti\u00e3o, 357A &#8211; Telefone:\u00a0(98) 3215-4300<\/li>\n<li><strong>Monte Castelo:<\/strong>\u00a0Rua Paulino de Souza, 83 &#8211; Telefone:\u00a0(98) 3212-1031<\/li>\n<li><strong>Bequim\u00e3o:\u00a0<\/strong>Av. Jer\u00f4nimo de Albuquerque, 3000 &#8211; Telefone:\u00a0(98) 3215-4500<\/li>\n<li><strong>S\u00e3o Francisco:\u00a0<\/strong>Av. Castelo Branco, 224 &#8211; Telefone:\u00a0(98) 2107-0833<\/li>\n<li><strong>Olho d\u00b4Agua:<\/strong>\u00a0R. Mal. Castelo Branco, 224 &#8211; Telefone:\u00a0(98) 3215-4200<\/li>\n<li><strong>Calhau:\u00a0<\/strong>Av. dos Holandeses, 100 &#8211; Telefone:\u00a0(98) 2107-0833<\/li>\n<li><strong>Cohama:<\/strong>\u00a0Av. Daniel de la Touche, 100 B &#8211; Telefone:\u00a0(98) 2107-0833<\/li>\n<li><strong>Jd Renascen\u00e7a:\u00a0<\/strong>Av. Colares Moreira, 12 &#8211; Telefone:\u00a0(98) 3217-4075<\/li>\n<\/ul>\n<h4>Outras informa\u00e7\u00f5es e site<\/h4>\n<ul>\n<li>Mais informa\u00e7\u00f5es:\u00a0<a href=\"http:\/\/labcedro.com.br\/home\/\" target=\"_blank\" rel=\"noopener noreferrer\">www.labcedro.com.br<\/a><\/li>\n<\/ul>\n<h4>Mapa de localiza\u00e7\u00e3o J\u00f3rdoa<\/h4>\n<a class=\"wp-colorbox-iframe\" href=\"https:\/\/www.google.com\/maps\/embed?pb=!1m18!1m12!1m3!1d3985.8230256274383!2d-44.22491908465128!3d-2.5643170981315393!2m3!1f0!2f0!3f0!3m2!1i1024!2i768!4f13.1!3m3!1m2!1s0x7f690713438afad0x39407353a551199e!2zUi4gU8OjbyBTZWJhc3Rpw6NvLCAzNTcgLSBTw6NvIEJlcm5hcmRvLCBTw6NvIEx1w61zIC0gTUE!5e0!3m2!1spt-BR!2sbr!4v1535461703300\"><img decoding=\"async\" src=\"http:\/\/www.encontrasaoluisma.com.br\/imgs\/maps-post.png\"><\/a>\n\n<div style=\"font-size: 0px; height: 0px; line-height: 0px; margin: 0; padding: 0; clear: both;\"><\/div>","protected":false},"excerpt":{"rendered":"<p>O Laborat\u00f3rio Cedro S\u00e3o Lu\u00eds foi fundado em 07 de janeiro de 1987\u00a0no Centro de S\u00e3o Luis. Surgiu com a iniciativa e trabalho de dois bioqu\u00edmicos &#8211; Dra. Ilma Fiquene Hachem e Dr. Elie Georges Hachem (m\u00e3e e filho). A partir de ent\u00e3o, as atividades de An\u00e1lises Cl\u00ednicas seguiram uma trajet\u00f3ria de confiabilidade e aten\u00e7\u00e3o diferenciada ao cliente e em pouco tempo, apesar de recente, estava entre os maiores laborat\u00f3rio do Maranh\u00e3o. Ao longo dos anos, os servi\u00e7os oferecidos se diversificaram, para atender \u00e0s necessidades e expectativas dos clientes, investindo sempre na linha de tecnologia de ponta, qualifica\u00e7\u00e3o de profissionais <\/p>\n","protected":false},"author":1,"featured_media":997,"comment_status":"open","ping_status":"closed","sticky":false,"template":"","format":"standard","meta":{"footnotes":""},"categories":[33],"tags":[],"class_list":["post-996","post","type-post","status-publish","format-standard","has-post-thumbnail","hentry","category-saude-em-sao-luis","has_thumb"],"_links":{"self":[{"href":"https:\/\/www.encontrasaoluisma.com.br\/sobre\/wp-json\/wp\/v2\/posts\/996","targetHints":{"allow":["GET"]}}],"collection":[{"href":"https:\/\/www.encontrasaoluisma.com.br\/sobre\/wp-json\/wp\/v2\/posts"}],"about":[{"href":"https:\/\/www.encontrasaoluisma.com.br\/sobre\/wp-json\/wp\/v2\/types\/post"}],"author":[{"embeddable":true,"href":"https:\/\/www.encontrasaoluisma.com.br\/sobre\/wp-json\/wp\/v2\/users\/1"}],"replies":[{"embeddable":true,"href":"https:\/\/www.encontrasaoluisma.com.br\/sobre\/wp-json\/wp\/v2\/comments?post=996"}],"version-history":[{"count":4,"href":"https:\/\/www.encontrasaoluisma.com.br\/sobre\/wp-json\/wp\/v2\/posts\/996\/revisions"}],"predecessor-version":[{"id":2287,"href":"https:\/\/www.encontrasaoluisma.com.br\/sobre\/wp-json\/wp\/v2\/posts\/996\/revisions\/2287"}],"wp:featuredmedia":[{"embeddable":true,"href":"https:\/\/www.encontrasaoluisma.com.br\/sobre\/wp-json\/wp\/v2\/media\/997"}],"wp:attachment":[{"href":"https:\/\/www.encontrasaoluisma.com.br\/sobre\/wp-json\/wp\/v2\/media?parent=996"}],"wp:term":[{"taxonomy":"category","embeddable":true,"href":"https:\/\/www.encontrasaoluisma.com.br\/sobre\/wp-json\/wp\/v2\/categories?post=996"},{"taxonomy":"post_tag","embeddable":true,"href":"https:\/\/www.encontrasaoluisma.com.br\/sobre\/wp-json\/wp\/v2\/tags?post=996"}],"curies":[{"name":"wp","href":"https:\/\/api.w.org\/{rel}","templated":true}]}}